{"id":6359,"date":"2014-03-19T15:21:36","date_gmt":"2014-03-19T13:21:36","guid":{"rendered":"https:\/\/ambsofia.esteri.it\/news\/dall_ambasciata\/2014\/03\/20140318-expo-bulgaria\/"},"modified":"2014-03-19T15:21:36","modified_gmt":"2014-03-19T13:21:36","slug":"20140318-expo-bulgaria","status":"publish","type":"post","link":"https:\/\/ambsofia.esteri.it\/it\/news\/dall_ambasciata\/2014\/03\/20140318-expo-bulgaria\/","title":{"rendered":"\u00c8 LA BULGARIA IL 98\u00b0 PAESE AD AVER FIRMATO IL CONTRATTO DI PARTECIPAZIONE A EXPO MILANO 2015"},"content":{"rendered":"<p><P>Il documento \u00e8 stato sottoscritto oggi da Dimitar Grekov, Ministro dell\u2019Agricoltura e Commissario Generale del Padiglione Bulgaro per Expo Milano 2015, e da Giuseppe Sala, Commissario Unico del Governo Italiano per Expo Milano 2015.<BR><BR>Il padiglione bulgaro, che avr\u00e0 una superficie di 584 mq godr\u00e0 di una posizione particolarmente strategica perch\u00e9 sar\u00e0 localizzato tra due Paesi che saranno impegnati nei grandi appuntamenti mondiali dei prossimi anni: gli Emirati Arabi (Organizzatore della prossima Esposizione Universale &#8211; Dubai 2020) e il Kazakhstan (Organizzatore della prossima Esposizione Internazionale &#8211; Astana 2017).<BR><BR>\u201cCon la firma di oggi \u2013 ha commentato Giuseppe Sala \u2013 la Bulgaria conferma la fiducia accordata all\u2019Esposizione Universale di Milano e aggiunge un ulteriore importante tassello al mosaico di Paesi che faranno vivere l\u2019unicit\u00e0 di Expo Milano 2015. Negli ultimi anni la Bulgaria ha registrato notevoli sviluppi in campo agricolo e scientifico e sono certo che, attraverso la propria presenza e l\u2019interpretazione che dar\u00e0 al Tema \u2018Nutrire il Pianeta, Energia per la Vita\u2019, sapr\u00e0 dare un utilissimo contributo al dibattito che vogliamo animare sulle sfide alimentari del millennio\u201d.<BR><BR><\/P><\/p>\n","protected":false},"excerpt":{"rendered":"Il documento \u00e8 stato sottoscritto oggi da Dimitar Grekov, Ministro dell\u2019Agricoltura e Commissario Generale del Padiglione Bulgaro per Expo Milano 2015, e da Giuseppe Sala, Commissario Unico del Governo Italiano per Expo Milano 2015.Il padiglione bulgaro, che avr\u00e0 una superficie di 584 mq godr\u00e0 di una posizione particolarmente strategica perch\u00e9 sar\u00e0 localizzato tra due Paesi [&hellip;]","protected":false},"author":1,"featured_media":0,"comment_status":"","ping_status":"","sticky":false,"template":"","format":"standard","meta":{"footnotes":""},"tags":[],"class_list":["post-6359","post","type-post","status-publish","format-standard","hentry"],"_links":{"self":[{"href":"https:\/\/ambsofia.esteri.it\/it\/wp-json\/wp\/v2\/posts\/6359","targetHints":{"allow":["GET"]}}],"collection":[{"href":"https:\/\/ambsofia.esteri.it\/it\/wp-json\/wp\/v2\/posts"}],"about":[{"href":"https:\/\/ambsofia.esteri.it\/it\/wp-json\/wp\/v2\/types\/post"}],"author":[{"embeddable":true,"href":"https:\/\/ambsofia.esteri.it\/it\/wp-json\/wp\/v2\/users\/1"}],"replies":[{"embeddable":true,"href":"https:\/\/ambsofia.esteri.it\/it\/wp-json\/wp\/v2\/comments?post=6359"}],"version-history":[{"count":0,"href":"https:\/\/ambsofia.esteri.it\/it\/wp-json\/wp\/v2\/posts\/6359\/revisions"}],"wp:attachment":[{"href":"https:\/\/ambsofia.esteri.it\/it\/wp-json\/wp\/v2\/media?parent=6359"}],"wp:term":[{"taxonomy":"post_tag","embeddable":true,"href":"https:\/\/ambsofia.esteri.it\/it\/wp-json\/wp\/v2\/tags?post=6359"}],"curies":[{"name":"wp","href":"https:\/\/api.w.org\/{rel}","templated":true}]}}