{"id":4963,"date":"2018-08-08T09:50:09","date_gmt":"2018-08-08T06:50:09","guid":{"rendered":"https:\/\/ambsofia.esteri.it\/news\/dall_ambasciata\/2018\/08\/art4diplomacy-at-the-italian-embassy\/"},"modified":"2018-08-08T09:50:09","modified_gmt":"2018-08-08T06:50:09","slug":"art4diplomacy-at-the-italian-embassy","status":"publish","type":"post","link":"https:\/\/ambsofia.esteri.it\/it\/news\/dall_ambasciata\/2018\/08\/art4diplomacy-at-the-italian-embassy\/","title":{"rendered":"Art4Diplomacy at the Italian Embassy in Sofia"},"content":{"rendered":"<p><a href=\"bg\/ambasciata\/news\/dall-ambasciata\/2018\/08\/art4diplomacy-at-the-italian-embassy.html\"><strong>\u00a0\u0417\u0430 \u0431\u044a\u043b\u0433\u0430\u0440\u0441\u043a\u0430 \u0432\u0435\u0440\u0441\u0438\u044f \u043a\u043b\u0438\u043a\u043d\u0435\u0442\u0435 \u0442\u0443\u043a &#8212;><\/strong><\/a><\/p>\n<p style=\"text-align: center;\"><strong>Art4Diplomacy all&#8217;Ambasciata d&#8217;Italia a Sofia<\/strong><\/p>\n<p style=\"text-align: center;\">\u00a0<img decoding=\"async\" src=\"resource\/img\/2018\/08\/art.jpg\" alt=\"art\" \/><\/p>\n<p style=\"text-align: justify;\"><strong>Dove<\/strong><\/p>\n<p>Le due opere d\u2019arte sono state collocate di fronte l\u2019Ambasciata d&#8217;Italia a Sofia (Ulitsa Shipka, 2) e constano di due diverse opere realizzate da Stavros Avgoustides e Victoria Petrova, poste a decorazione di una cabina elettrica.<\/p>\n<p style=\"text-align: justify;\"><strong>Gli artisti<\/strong><\/p>\n<p style=\"text-align: justify;\"><em>Stavros Avgoustides<\/em><\/p>\n<p style=\"text-align: justify;\"><img loading=\"lazy\" decoding=\"async\" style=\"margin-right: 5px; float: left;\" src=\"resource\/img\/2018\/08\/art1.jpg\" alt=\"art1\" width=\"227\" height=\"144\" \/>Stavros Avgoustides \u00e8 un diplomatico di carriera cipriota e un artista contemporaneo autodidatta. Nato a Cipro e cresciuto in Grecia, prende ispirazione dalle sue missioni all\u2019estero e relative esperienze muticulturali. L\u2019arte per Stavros Avgoustides si configure come una fuga; un modo per esprimere il suo mondo interiore; assimilando nuovi paesaggi e volti, attraverso pigmenti e disegni, come un paesaggio interno, componendo il mondo come una fantastica esperienza.<\/p>\n<p style=\"text-align: justify;\"><a href=\"https:\/\/www.facebook.com\/StavrosAvgoustidesArt\/\">https:\/\/www.facebook.com\/StavrosAvgoustidesArt\/<\/a><\/p>\n<p style=\"text-align: justify;\">\u00a0<em>Victoria Petrova<\/em><\/p>\n<p style=\"text-align: justify;\"><img loading=\"lazy\" decoding=\"async\" style=\"margin-right: 5px; float: left;\" src=\"resource\/img\/2018\/08\/art2.jpg\" alt=\"art2\" width=\"147\" height=\"151\" \/>Victoria Petrova ha studiato all\u2019Accademia Nazionale d\u2019Arte di Sofia e ha lavorato nell\u2019atelier di Svetlin Roussev. Ha inoltre partecipato al corso estivo \u201cLascia il segno\u201d di pittura e disegno ad Aero in Danimarca. Ha preso parte a diverse esibizioni artistiche a Sofia e ha organizzato una mostra personale in Germania.<\/p>\n<p style=\"text-align: justify;\">La sua ultima mostra, in ordine di tempo, si \u00e8 tenuta presso la \u201cGallery 2.0\u201d nel 2016 con il progetto artistico \u201cSymbiosis\u201d<\/p>\n<p style=\"text-align: justify;\">\u00a0<\/p>\n<p style=\"text-align: justify;\">\u00a0<\/p>\n<p style=\"text-align: justify;\">\u00a0<\/p>\n<p style=\"text-align: justify;\">\u00a0<\/p>\n<p style=\"text-align: justify;\"><strong>Le Opere<\/strong><\/p>\n<p>\u201cPensatori e Filosofi\u201d (Stavros Avgoustides)<\/p>\n<p>Pensatori e filosofi \u00e8 un\u2019opera astratta creata da Stavros Avgoustides usando pennarelli acrilici su tela. Tutto \u00e8 iniziato come parte di un progetto illustrativo di un modo alternativo di rappresentare i ritratto dei filosofi greci. L\u2019artista si \u00e8 divertito con il ritratto di Talete di Mileto usando forme, figure e linee bizzarre, creando nuovi volti dei pensatori da lui inventati.<\/p>\n<p style=\"text-align: justify;\"><strong>\u00a0<\/strong><\/p>\n<p><img loading=\"lazy\" decoding=\"async\" style=\"display: block; margin-left: auto; margin-right: auto;\" src=\"resource\/img\/2018\/08\/art3.jpg\" alt=\"art3\" width=\"601\" height=\"444\" \/><\/p>\n<p style=\"text-align: justify;\">150&#215;120 pennarelli acrilici su tela<\/p>\n<p style=\"text-align: justify;\">Il dipinto \u201cFunzione= energia\u201d \u00e8 parte di un progetto artistico chiamato Simbiosi.<\/p>\n<p>\u00c8 un tentativo di rivelare l\u2019estetica nascosta nella trasformazione della funzione in forma.<\/p>\n<p>Il progetto simbiosi \u00e8 un tentativo di entrare in contatto con il processo della creazione, collezione e maturazione di una figura. Gli elementi intrecciandosi tra di loro cominciano a vivere nella comunit\u00e0. \u00c8 gi\u00e0, in senso ampio, un nuovo mondo, nel quale se guardiamo possiamo trovare l\u2019armonia nascosta, che impone l\u2019azione generale.<\/p>\n<p style=\"text-align: justify;\">\u00a0<\/p>\n<p><img loading=\"lazy\" decoding=\"async\" style=\"display: block; margin-left: auto; margin-right: auto;\" src=\"resource\/img\/2018\/08\/art4.jpg\" alt=\"art4\" width=\"629\" height=\"1225\" \/><\/p>\n<p style=\"text-align: justify;\">120&#215;100, colori acrilici su tela<\/p>\n<p style=\"text-align: justify;\">Entrambe le opere d\u2019arte sono state fotografate con un attrezzatura professionale, ritagliate e elaborate seguendo gli specifici requisiti per ottenere una stampa digitale di alta qualit\u00e0 su foglio. Il foglio consigliato \u00e8 un tipo di polimero impiegato per uso esterno con una copertura addizionale laminata.La possibile durata di una stampa installata correttamente, senza nessuna sbavatura di colore, \u00e8 tra i 5 e 10 anni.<\/p>\n<p>L\u2019installazione del foglio richiede una speciale preparazione della superfice, che include una base di gesso e uno strato di vernice di metallo.<\/p>\n<p style=\"text-align: justify;\">\u00a0<\/p>\n<p style=\"text-align: justify;\"><strong>L\u2019iniziativa<\/strong><\/p>\n<p>L\u2019iniziativa \u201cArt4Diplomacy\u201d \u00e8 stata inspirata da alcuni esempi di street art gi\u00e0 presenti a Sofia.<\/p>\n<p>\u00c8 stata inaugurata il 17 luglio alla presenza del sindaco di Sofia, Yordanka Fandakova e vuole essere un contributo da parte della comunit\u00e0 diplomatica alla bellezza della citt\u00e0.<\/p>\n<p>L\u2019Ambasciatore italiano Stefano Baldi e l\u2019Ambasciatore cipriota Stavros Avgoustides, i due promotori dell\u2019evento, sperano che anche le altre ambasciate accreditate possano seguire questo esempio, attraverso la creazione di opere d\u2019arte originali, per poter rendere omaggio alla bellissima capitale della Bulgaria.<\/p>\n","protected":false},"excerpt":{"rendered":"\u00a0\u0417\u0430 \u0431\u044a\u043b\u0433\u0430\u0440\u0441\u043a\u0430 \u0432\u0435\u0440\u0441\u0438\u044f \u043a\u043b\u0438\u043a\u043d\u0435\u0442\u0435 \u0442\u0443\u043a &#8212;> Art4Diplomacy all&#8217;Ambasciata d&#8217;Italia a Sofia \u00a0 Dove Le due opere d\u2019arte sono state collocate di fronte l\u2019Ambasciata d&#8217;Italia a Sofia (Ulitsa Shipka, 2) e constano di due diverse opere realizzate da Stavros Avgoustides e Victoria Petrova, poste a decorazione di una cabina elettrica. Gli artisti Stavros Avgoustides Stavros Avgoustides [&hellip;]","protected":false},"author":1,"featured_media":0,"comment_status":"","ping_status":"","sticky":false,"template":"","format":"standard","meta":{"footnotes":""},"tags":[],"class_list":["post-4963","post","type-post","status-publish","format-standard","hentry"],"_links":{"self":[{"href":"https:\/\/ambsofia.esteri.it\/it\/wp-json\/wp\/v2\/posts\/4963","targetHints":{"allow":["GET"]}}],"collection":[{"href":"https:\/\/ambsofia.esteri.it\/it\/wp-json\/wp\/v2\/posts"}],"about":[{"href":"https:\/\/ambsofia.esteri.it\/it\/wp-json\/wp\/v2\/types\/post"}],"author":[{"embeddable":true,"href":"https:\/\/ambsofia.esteri.it\/it\/wp-json\/wp\/v2\/users\/1"}],"replies":[{"embeddable":true,"href":"https:\/\/ambsofia.esteri.it\/it\/wp-json\/wp\/v2\/comments?post=4963"}],"version-history":[{"count":0,"href":"https:\/\/ambsofia.esteri.it\/it\/wp-json\/wp\/v2\/posts\/4963\/revisions"}],"wp:attachment":[{"href":"https:\/\/ambsofia.esteri.it\/it\/wp-json\/wp\/v2\/media?parent=4963"}],"wp:term":[{"taxonomy":"post_tag","embeddable":true,"href":"https:\/\/ambsofia.esteri.it\/it\/wp-json\/wp\/v2\/tags?post=4963"}],"curies":[{"name":"wp","href":"https:\/\/api.w.org\/{rel}","templated":true}]}}