{"id":4399,"date":"2020-05-09T09:02:25","date_gmt":"2020-05-09T06:02:25","guid":{"rendered":"https:\/\/ambsofia.esteri.it\/news\/dall_ambasciata\/2020\/05\/gli-ambasciatori-ue-a-sofia-celebrano\/"},"modified":"2020-05-09T09:02:25","modified_gmt":"2020-05-09T06:02:25","slug":"gli-ambasciatori-ue-a-sofia-celebrano","status":"publish","type":"post","link":"https:\/\/ambsofia.esteri.it\/it\/news\/dall_ambasciata\/2020\/05\/gli-ambasciatori-ue-a-sofia-celebrano\/","title":{"rendered":"Gli Ambasciatori UE a Sofia celebrano la giornata dell&#8217;Europa"},"content":{"rendered":"<p>In occasione della Giornata dell\u2019Europa del 9 maggio 2020, gli ambasciatori degli Stati membri dell&#8217;UE accreditati in Bulgaria hanno realizzato uno speciale video per inviare un messaggio comune al popolo bulgaro.<br \/>In un momento in cui il mondo intero si trova di fronte alla sfida pi\u00f9 grande dalla seconda guerra mondiale, il messaggio sottolinea l&#8217;essenza dell&#8217;Unione europea, la nostra Unione: pace, libert\u00e0 e solidariet\u00e0.<br \/>Il video, che inizia con le parole della Vice Primo Ministro e Ministro degli Affari esteri della Bulgaria, Ekaterina Zaharieva, sar\u00e0 pubblicato sui social media del Ministero degli Affari Esteri e delle Ambasciate dell&#8217;UE a Sofia, sabato 9 maggio alle ore 10 am<\/p>\n<p><a href=\"https:\/\/youtu.be\/iVz5Vvid2AU\">Guarda il video<\/a><\/p>\n<p>La Giornata dell&#8217;Europa, che si tiene il 9 maggio di ogni anno, celebra la pace e l&#8217;unit\u00e0 in Europa. La data segna l&#8217;anniversario della storica &#8220;Dichiarazione Schuman&#8221;. In un discorso a Parigi nel 1950, Robert Schuman, allora ministro degli Esteri francese, espose la sua idea per una nuova forma di cooperazione politica in Europa, che avrebbe reso impensabile la guerra tra le nazioni europee. La sua visione era quella di creare un&#8217;istituzione europea che riunisse e gestisse la produzione di carbone e acciaio. Un trattato che istitu\u00ec un simile organo fu firmato meno di un anno dopo. La proposta di Schuman \u00e8 considerata l&#8217;inizio di quella che oggi \u00e8 l&#8217;Unione Europea.<\/p>\n","protected":false},"excerpt":{"rendered":"In occasione della Giornata dell\u2019Europa del 9 maggio 2020, gli ambasciatori degli Stati membri dell&#8217;UE accreditati in Bulgaria hanno realizzato uno speciale video per inviare un messaggio comune al popolo bulgaro.In un momento in cui il mondo intero si trova di fronte alla sfida pi\u00f9 grande dalla seconda guerra mondiale, il messaggio sottolinea l&#8217;essenza dell&#8217;Unione [&hellip;]","protected":false},"author":1,"featured_media":0,"comment_status":"","ping_status":"","sticky":false,"template":"","format":"standard","meta":{"footnotes":""},"tags":[],"class_list":["post-4399","post","type-post","status-publish","format-standard","hentry"],"_links":{"self":[{"href":"https:\/\/ambsofia.esteri.it\/it\/wp-json\/wp\/v2\/posts\/4399","targetHints":{"allow":["GET"]}}],"collection":[{"href":"https:\/\/ambsofia.esteri.it\/it\/wp-json\/wp\/v2\/posts"}],"about":[{"href":"https:\/\/ambsofia.esteri.it\/it\/wp-json\/wp\/v2\/types\/post"}],"author":[{"embeddable":true,"href":"https:\/\/ambsofia.esteri.it\/it\/wp-json\/wp\/v2\/users\/1"}],"replies":[{"embeddable":true,"href":"https:\/\/ambsofia.esteri.it\/it\/wp-json\/wp\/v2\/comments?post=4399"}],"version-history":[{"count":0,"href":"https:\/\/ambsofia.esteri.it\/it\/wp-json\/wp\/v2\/posts\/4399\/revisions"}],"wp:attachment":[{"href":"https:\/\/ambsofia.esteri.it\/it\/wp-json\/wp\/v2\/media?parent=4399"}],"wp:term":[{"taxonomy":"post_tag","embeddable":true,"href":"https:\/\/ambsofia.esteri.it\/it\/wp-json\/wp\/v2\/tags?post=4399"}],"curies":[{"name":"wp","href":"https:\/\/api.w.org\/{rel}","templated":true}]}}