{"id":4374,"date":"2020-06-10T13:18:39","date_gmt":"2020-06-10T10:18:39","guid":{"rendered":"https:\/\/ambsofia.esteri.it\/news\/dall_ambasciata\/2020\/06\/l-ambasciatore-stefano-baldi-insignito_0\/"},"modified":"2020-06-10T13:18:39","modified_gmt":"2020-06-10T10:18:39","slug":"l-ambasciatore-stefano-baldi-insignito_0","status":"publish","type":"post","link":"https:\/\/ambsofia.esteri.it\/it\/news\/dall_ambasciata\/2020\/06\/l-ambasciatore-stefano-baldi-insignito_0\/","title":{"rendered":"L\u2019Ambasciatore Stefano Baldi insignito della menzione onorifica della Nuova Universit\u00e0 bulgara"},"content":{"rendered":"<p style=\"text-align: justify;\">L\u2019Ambasciatore Stefano Baldi \u00e8 stato oggi insignito della menzione onorifica della Nuova Universit\u00e0 bulgara. L\u2019onorificenza e il Diploma d\u2019onore sono stati consegnati nella Residenza dal Rettore Plamen Bochkov alla presenza del Direttore Esecutivo della NBU, Georgi Tekev, per l\u2019essenziale contributo dell\u2019Ambasciatore alla fruttuosa collaborazione tra l\u2019Universit\u00e0 e l\u2019Ambasciata d\u2019Italia in Bulgaria e per il sostegno, la generosit\u00e0 e la partecipazione della Missione alla comunit\u00e0 accademica della Nuova Universit\u00e0 bulgara.<br \/>Nel corso di questi ultimi quattro anni la collaborazione fra le due istituzioni ha visto la realizzazione di numerosi eventi culturali, soprattutto in campo musicale, a cui si sono aggiunti diversi cicli di lezioni universitarie sulla diplomazia. Inoltre due anni fa, all&#8217;interno dell&#8217;Universit\u00e0, \u00e8 stato creato uno &#8220;Spazio Italia&#8221; dove si concentrano molte delle attivit\u00e0 collegate allo studio della lingua e della cultura italiana.<br \/>Una collaborazione molto fruttuosa destinata a svilupparsi e rafforzarsi ulteriormente nel tempo.<\/p>\n<table>\n<tbody>\n<tr>\n<td>\u00a0<img decoding=\"async\" src=\"resource\/img\/2020\/06\/terza_foto_0.jpg\" alt=\"terza foto 0\" \/><\/td>\n<\/tr>\n<\/tbody>\n<\/table>\n","protected":false},"excerpt":{"rendered":"L\u2019Ambasciatore Stefano Baldi \u00e8 stato oggi insignito della menzione onorifica della Nuova Universit\u00e0 bulgara. L\u2019onorificenza e il Diploma d\u2019onore sono stati consegnati nella Residenza dal Rettore Plamen Bochkov alla presenza del Direttore Esecutivo della NBU, Georgi Tekev, per l\u2019essenziale contributo dell\u2019Ambasciatore alla fruttuosa collaborazione tra l\u2019Universit\u00e0 e l\u2019Ambasciata d\u2019Italia in Bulgaria e per il sostegno, [&hellip;]","protected":false},"author":1,"featured_media":0,"comment_status":"","ping_status":"","sticky":false,"template":"","format":"standard","meta":{"footnotes":""},"tags":[],"class_list":["post-4374","post","type-post","status-publish","format-standard","hentry"],"_links":{"self":[{"href":"https:\/\/ambsofia.esteri.it\/it\/wp-json\/wp\/v2\/posts\/4374","targetHints":{"allow":["GET"]}}],"collection":[{"href":"https:\/\/ambsofia.esteri.it\/it\/wp-json\/wp\/v2\/posts"}],"about":[{"href":"https:\/\/ambsofia.esteri.it\/it\/wp-json\/wp\/v2\/types\/post"}],"author":[{"embeddable":true,"href":"https:\/\/ambsofia.esteri.it\/it\/wp-json\/wp\/v2\/users\/1"}],"replies":[{"embeddable":true,"href":"https:\/\/ambsofia.esteri.it\/it\/wp-json\/wp\/v2\/comments?post=4374"}],"version-history":[{"count":0,"href":"https:\/\/ambsofia.esteri.it\/it\/wp-json\/wp\/v2\/posts\/4374\/revisions"}],"wp:attachment":[{"href":"https:\/\/ambsofia.esteri.it\/it\/wp-json\/wp\/v2\/media?parent=4374"}],"wp:term":[{"taxonomy":"post_tag","embeddable":true,"href":"https:\/\/ambsofia.esteri.it\/it\/wp-json\/wp\/v2\/tags?post=4374"}],"curies":[{"name":"wp","href":"https:\/\/api.w.org\/{rel}","templated":true}]}}