{"id":4067,"date":"2021-01-25T10:10:41","date_gmt":"2021-01-25T08:10:41","guid":{"rendered":"https:\/\/ambsofia.esteri.it\/news\/dall_ambasciata\/2021\/01\/giornata-internazionale-della-memoria\/"},"modified":"2021-01-25T10:10:41","modified_gmt":"2021-01-25T08:10:41","slug":"giornata-internazionale-della-memoria","status":"publish","type":"post","link":"https:\/\/ambsofia.esteri.it\/it\/news\/dall_ambasciata\/2021\/01\/giornata-internazionale-della-memoria\/","title":{"rendered":"Giornata internazionale della Memoria, per commemorare le vittime dell&#8217;Olocausto, 2021, documentario online"},"content":{"rendered":"<p>In occasione della Giornata internazionale della Memoria 2021, per commemorare le vittime dell&#8217;Olocausto, la Farnesina presenta il documentario &#8220;Testimoni dei Testimoni&#8221;, realizzato da <strong><a href=\"http:\/\/www.studioazzurro.com\" target=\"_blank\" rel=\"noopener\">Studio Azzurro<\/a><\/strong>.\u00a0<\/p>\n<p>Il documentario pu\u00f2 essere visto, seguendo <strong><a href=\"https:\/\/vimeo.com\/499141034\/3768804aa4\" target=\"_blank\" rel=\"noopener\">il link di Vimeo<\/a>.<\/strong><\/p>\n<p style=\"text-align: justify;\">Il documento video si fa carico di pi\u00f9 forme di memoria, le intreccia in un tessuto stratificato, simile a quello con cui si costruisce &#8220;naturalmente&#8221; la memoria personale di ognuno: immagini mute che si incaricano di mostrare il punto di non ritorno dell\u2019incontro con la realt\u00e0 indicibile di ci\u00f2 che \u00e8 stato, con il visibile ma anche con l\u2019invisibile, custodito dalle voci dei testimoni sopravvissuti, tra cui Sami Modiano e Tatiana Bucci, che, insieme ad altri, hanno fisicamente incontrato gli studenti nei Viaggi della Memoria. Essi ci porgono quello che non abbiamo potuto vedere e che, senza le loro voci spezzate, si sarebbe perduto nel vischioso lago della dimenticanza. A fare da controcanto, le voci e i volti degli studenti di oggi che dichiarano la loro intenzione di salvarci proprio dalla letale dimenticanza di quanto accaduto, consapevoli che solo con l\u2019assunzione della memoria di chi ha vissuto si pu\u00f2 tentare di dare forma e sostanza all\u2019azione quotidiana che costruisce una possibilit\u00e0 di futuro che non replichi &#8220;quello che \u00e8 stato&#8221;.<\/p>\n<p style=\"text-align: justify;\">Il documento video si apre con un\u2019immagine aerea del &#8220;complesso di Auschwitz&#8221;: 3 campi maggiori, 47 sottocampi per 40 chilometri quadrati. Una grande macchina, strutturata con diligente e geometrica precisione. Salgono dal silenzio voci acclamanti, con un ritmo uguale a quello di un treno che corre. \u00c8 il ritmo esaltato di folle esultanti per i discorsi di Hitler e di Mussolini. Siamo sul treno per Auschwitz e sulla voce di Hitler che si allontana, entriamo nel campo e troviamo invece le voci dei testimoni sopravvissuti. Lacerti di memoria, dolorosi, insopportabili, emergono dalle immagini insieme ai dati essenziali che danno la misura della &#8220;macchina da sterminio&#8221;. Le immagini diventano paradossali diapositive in movimento, difettose nel mostrare nel momento vuoto quello che non si vorrebbe vedere e si inceppano infine su due gemelle, sui loro sguardi che interrogheranno per sempre chi le guarda. I volti dei Testimoni dei testimoni tornano e si soffermano su dettagli pi\u00f9 quotidiani, quelli che quasi miracolosamente consentono di approssimarsi, almeno con i sensi dell\u2019immaginazione, alla memoria dell\u2019altro.<\/p>\n<p>\u00a0<\/p>\n","protected":false},"excerpt":{"rendered":"In occasione della Giornata internazionale della Memoria 2021, per commemorare le vittime dell&#8217;Olocausto, la Farnesina presenta il documentario &#8220;Testimoni dei Testimoni&#8221;, realizzato da Studio Azzurro.\u00a0 Il documentario pu\u00f2 essere visto, seguendo il link di Vimeo. Il documento video si fa carico di pi\u00f9 forme di memoria, le intreccia in un tessuto stratificato, simile a quello [&hellip;]","protected":false},"author":1,"featured_media":0,"comment_status":"","ping_status":"","sticky":false,"template":"","format":"standard","meta":{"footnotes":""},"tags":[],"class_list":["post-4067","post","type-post","status-publish","format-standard","hentry"],"_links":{"self":[{"href":"https:\/\/ambsofia.esteri.it\/it\/wp-json\/wp\/v2\/posts\/4067","targetHints":{"allow":["GET"]}}],"collection":[{"href":"https:\/\/ambsofia.esteri.it\/it\/wp-json\/wp\/v2\/posts"}],"about":[{"href":"https:\/\/ambsofia.esteri.it\/it\/wp-json\/wp\/v2\/types\/post"}],"author":[{"embeddable":true,"href":"https:\/\/ambsofia.esteri.it\/it\/wp-json\/wp\/v2\/users\/1"}],"replies":[{"embeddable":true,"href":"https:\/\/ambsofia.esteri.it\/it\/wp-json\/wp\/v2\/comments?post=4067"}],"version-history":[{"count":0,"href":"https:\/\/ambsofia.esteri.it\/it\/wp-json\/wp\/v2\/posts\/4067\/revisions"}],"wp:attachment":[{"href":"https:\/\/ambsofia.esteri.it\/it\/wp-json\/wp\/v2\/media?parent=4067"}],"wp:term":[{"taxonomy":"post_tag","embeddable":true,"href":"https:\/\/ambsofia.esteri.it\/it\/wp-json\/wp\/v2\/tags?post=4067"}],"curies":[{"name":"wp","href":"https:\/\/api.w.org\/{rel}","templated":true}]}}