{"id":4058,"date":"2021-01-25T11:07:30","date_gmt":"2021-01-25T09:07:30","guid":{"rendered":"https:\/\/ambsofia.esteri.it\/news\/dall_ambasciata\/2021\/01\/giornata-internazionale-della-memoria_0\/"},"modified":"2021-01-25T11:07:30","modified_gmt":"2021-01-25T09:07:30","slug":"giornata-internazionale-della-memoria_0","status":"publish","type":"post","link":"https:\/\/ambsofia.esteri.it\/it\/news\/dall_ambasciata\/2021\/01\/giornata-internazionale-della-memoria_0\/","title":{"rendered":"Giornata internazionale della Memoria, per commemorare le vittime dell&#8217;Olocausto, 2021, conoscere virtualmente il progetto &#8220;Testimoni dei Testimoni&#8221;"},"content":{"rendered":"<p style=\"text-align: justify;\">In occasione della Giornata internazionale della Memoria 2021, per commemorare le vittime dell&#8217;Olocausto, vi invitiamo ad esplorare virtualmente il progetto &#8220;Testimoni dei Testimoni&#8221;, installazione di <a href=\"http:\/\/www.studioazzurro.com\" target=\"_blank\" rel=\"noopener\">&#8220;Studio Azzurro&#8221;<\/a>, esposta nel Palazzo delle Esposizioni a Roma nel 2019. Si tratta di un percorso sonoro e visivo, che unisce l&#8217;esperienza sensoriale e raccolta di testimonianze, articolato in diverse sezioni, realizzato in collaborazione con gli studenti partecipanti ai viaggi della memoria.\u00a0<\/p>\n<p style=\"text-align: justify;\">&#8220;Il percorso sensibile realizzato a Palazzo delle Esposizione nel 2019 nasce dall\u2019idea progettuale di alcuni studenti che hanno partecipato al Viaggio della Memoria ad Auschwitz e dalla volont\u00e0 del Comune di Roma. Generazione Testimoni \u00e8 il nome che si \u00e8 dato questo gruppo di giovani molto motivati che, al momento dell\u2019incontro con Studio Azzurro, avevano ipotizzato un percorso esperienziale da proporre al pubblico per sperimentare nuovi linguaggi al fine di risensibilizzare coscienze. Generazione Testimoni nasce per prendersi carico della trasmissione della memoria dei testimoni sopravvissuti ai campi di sterminio, affinch\u00e9 l\u2019espressione &#8220;per non dimenticare&#8221; non si riduca a una formula di consolazione. Dopo il primo Viaggio della Memoria, il gruppo decide di ripetere l\u2019esperienza e di affiancare gli anziani Testimoni nel raccontare &#8220;quello che \u00e8 stato&#8221;. La mostra nata dall\u2019incontro di Studio Azzurro per gli spazi di Palazzo delle Esposizioni, si costituiva di pi\u00f9 ambienti installativi al cui centro sono state poste le voci dei Testimoni sopravvissuti e le testimonianze dei giovani, i &#8220;Testimoni dei testimoni&#8221;.<\/p>\n<p style=\"text-align: justify;\">Gli ambienti realizzati hanno costituito per Studio Azzurro un momento di ulteriore riflessione: come raggiungere la sensibilit\u00e0 delle persone che sarebbero entrate in quello spazio? Come non investirle con la scioccante visione del gi\u00e0 conosciuto, con il rischio di assecondare l\u2019assuefazione all\u2019orrore? Come &#8220;autenticare&#8221; nuovamente quelle immagini forse mai realmente &#8220;guardate&#8221; eppure viste molte e molte volte? Nel linguaggio sviluppato da Studio Azzurro \u00e8 frequente il ricorso all\u2019asincronia e all\u2019associazione inattesa tra immagine e suono. In questo lavoro abbiamo sentito la necessit\u00e0 di sospingere al limite questa possibilit\u00e0, fino a rinunciare completamente alla corrispondenza tra sonoro e visivo. La scelta, avvenuta durante il processo di elaborazione dei documenti e di definizione degli ambienti, ha portato ad alcune sperimentazioni sonore e ad altrettante soluzioni visive che vedevano il visitatore sporgersi su un territorio di incontro ravvicinato ma sempre &#8220;mancante&#8221; di una parte del messaggio. Proprio quella apparente &#8220;mancanza&#8221;, ha permesso di sviluppare racconti audio, apparizioni fotografiche e sequenze video in una relazione inedita e per questo adatta, crediamo, a restituire la condizione aurorale a quei documenti cos\u00ec intimi necessariamente &#8220;esposti&#8221; a tutela della memoria.&#8221;<\/p>\n<p>Per guardare il documentario &#8220;Testimoni dei testimoni&#8221;, seguite <strong><a href=\"it\/ambasciata\/news\/dall-ambasciata\/2021\/01\/giornata-internazionale-della-memoria.html\" target=\"_blank\" rel=\"noopener\">questa notizia<\/a><\/strong>.<\/p>\n<p><img decoding=\"async\" src=\"resource\/img\/2021\/01\/04_sa_testimoni_generazionetestimoni_1.jpg\" alt=\"04 sa testimoni generazionetestimoni 1\" \/><\/p>\n<p><img decoding=\"async\" src=\"resource\/img\/2021\/01\/05_sa_testimoni_generazionetestimoni_3.jpg\" alt=\"05 sa testimoni generazionetestimoni 3\" \/><\/p>\n<p><img decoding=\"async\" src=\"resource\/img\/2021\/01\/07_sa_testimoni_generazionetestimoni_4.jpg\" alt=\"07 sa testimoni generazionetestimoni 4\" \/><\/p>\n<p><img decoding=\"async\" src=\"resource\/img\/2021\/01\/09_sa_testimoni_laboratoidisterminio_1.jpg\" alt=\"09 sa testimoni laboratoidisterminio 1\" \/><\/p>\n<p>\u00a0<\/p>\n<p><img decoding=\"async\" src=\"resource\/img\/2021\/01\/11_sa_testimoni_identita.jpg\" alt=\"11 sa testimoni identita\" \/><\/p>\n<p><img decoding=\"async\" src=\"resource\/img\/2021\/01\/12_sa_testimoni_identita-interazione.jpg\" alt=\"12 sa testimoni identita interazione\" \/><\/p>\n","protected":false},"excerpt":{"rendered":"In occasione della Giornata internazionale della Memoria 2021, per commemorare le vittime dell&#8217;Olocausto, vi invitiamo ad esplorare virtualmente il progetto &#8220;Testimoni dei Testimoni&#8221;, installazione di &#8220;Studio Azzurro&#8221;, esposta nel Palazzo delle Esposizioni a Roma nel 2019. Si tratta di un percorso sonoro e visivo, che unisce l&#8217;esperienza sensoriale e raccolta di testimonianze, articolato in diverse [&hellip;]","protected":false},"author":1,"featured_media":0,"comment_status":"","ping_status":"","sticky":false,"template":"","format":"standard","meta":{"footnotes":""},"tags":[],"class_list":["post-4058","post","type-post","status-publish","format-standard","hentry"],"_links":{"self":[{"href":"https:\/\/ambsofia.esteri.it\/it\/wp-json\/wp\/v2\/posts\/4058","targetHints":{"allow":["GET"]}}],"collection":[{"href":"https:\/\/ambsofia.esteri.it\/it\/wp-json\/wp\/v2\/posts"}],"about":[{"href":"https:\/\/ambsofia.esteri.it\/it\/wp-json\/wp\/v2\/types\/post"}],"author":[{"embeddable":true,"href":"https:\/\/ambsofia.esteri.it\/it\/wp-json\/wp\/v2\/users\/1"}],"replies":[{"embeddable":true,"href":"https:\/\/ambsofia.esteri.it\/it\/wp-json\/wp\/v2\/comments?post=4058"}],"version-history":[{"count":0,"href":"https:\/\/ambsofia.esteri.it\/it\/wp-json\/wp\/v2\/posts\/4058\/revisions"}],"wp:attachment":[{"href":"https:\/\/ambsofia.esteri.it\/it\/wp-json\/wp\/v2\/media?parent=4058"}],"wp:term":[{"taxonomy":"post_tag","embeddable":true,"href":"https:\/\/ambsofia.esteri.it\/it\/wp-json\/wp\/v2\/tags?post=4058"}],"curies":[{"name":"wp","href":"https:\/\/api.w.org\/{rel}","templated":true}]}}