{"id":4024,"date":"2021-02-12T14:27:22","date_gmt":"2021-02-12T12:27:22","guid":{"rendered":"https:\/\/ambsofia.esteri.it\/news\/dall_ambasciata\/2021\/02\/italia-per-precop26-aperta-la-presentazione\/"},"modified":"2021-02-12T14:27:22","modified_gmt":"2021-02-12T12:27:22","slug":"italia-per-precop26-aperta-la-presentazione","status":"publish","type":"post","link":"https:\/\/ambsofia.esteri.it\/it\/news\/dall_ambasciata\/2021\/02\/italia-per-precop26-aperta-la-presentazione\/","title":{"rendered":"Italia per PreCOP26: aperta la presentazione di domande di partecipazione a \u201cYouth4Climate: Driving Ambition\u201d, l&#8217;incontro riservato a giovani di tutto il mondo, Milano dal 28 al 30 settembre 2021"},"content":{"rendered":"<p style=\"text-align: justify;\">Dal 1 febbraio, al 1 marzo \u00e8 possibile presentare la domanda di partecipazione a \u201cYouth4Climate: Driving Ambition\u201d, il primo incontro riservato a giovani di tutto il mondo, che si terr\u00e0 a Milano dal 28 al 30 settembre 2021.<\/p>\n<p style=\"text-align: justify;\">L\u2019invito a partecipare \u00e8 rivolto alla nuova generazione di leader dell\u2019azione per il clima, dai 15 ai 29 anni, gi\u00e0 attivi in un gruppo, associazione o impresa, cos\u00ec da offrire loro la possibilit\u00e0 di incontrare i rappresentanti dei governi presenti a Milano, gli stessi che parteciperanno alla 26esima Conferenza della Parti del\u2019UNFCCC, che si terr\u00e0 a Glasgow a novembre.<\/p>\n<p style=\"text-align: justify;\">Nella domanda di partecipazione sar\u00e0 chiesto di illustrare anche le attivit\u00e0 gi\u00e0 svolte dagli interessati nell\u2019ambito dell\u2019azione per il clima e dello sviluppo sostenibile.<\/p>\n<p style=\"text-align: justify;\">\u201cIl futuro del pianeta &#8211; afferma il ministro dell\u2019Ambiente Sergio Costa &#8211; \u00e8 una sfida che riguarda soprattutto i giovani, che in questi ultimi anni sono stati portabandiera nella battaglia per la lotta contro il global warming e per la sostenibilit\u00e0 ambientale. Da loro sono giunti gli stimoli pi\u00f9 forti e costruttivi alla classe dirigente mondiale. A loro intendiamo dare voce, rilievo e visibilit\u00e0 in vista della conferenza sul clima di fine anno. Crediamo sia fondamentale che le scelte che riguardano il domani siano condivise, anche indicate, da chi nel domani dovr\u00e0 vivere e del pianeta di domani sar\u00e0 responsabile\u201d.<\/p>\n<p style=\"text-align: justify;\">Youth4Climate: Driving Ambition \u00e8 frutto di un lungo processo preparatorio che mette a frutto i nove eventi virtuali di <a href=\"https:\/\/www.youtube.com\/hashtag\/youth4climatelive\" target=\"_blank\" rel=\"noopener\">Youth4ClimateLive Series<\/a>, lo stato di avanzamento del processo negoziale in ambito UNFCCC, nonch\u00e9 i risultati emersi dai principali incontri tra giovani.<\/p>\n<p style=\"text-align: justify;\">Per ciascuno dei 197 paesi, che fanno parte dell\u2019UNFCCC, saranno selezionati due partecipanti. Si prevede la presenza di circa 400 giovani, nel rispetto di un&#8217;equa rappresentativit\u00e0 di genere, equilibrio geografico e inclusione sociale.<\/p>\n<p style=\"text-align: justify;\">Le prime due giornate di Youth4Climate: Driving Ambition saranno dedicate a gruppi di lavoro tematici, mentre il terzo giorno vedr\u00e0 un confronto diretto tra i giovani delegati e i ministri partecipanti alla Conferenza preparatoria che si terr\u00e0 nei due giorni successivi, sempre a Milano.<\/p>\n<p style=\"text-align: justify;\">I risultati dell\u2019incontro tra i giovani leader saranno raccolti in una Dichiarazione finale, che sar\u00e0 illustrate e discussa alla Conferenza preparatoria e dunque recepita nel processo che condurr\u00e0 alla Conferenza della Parti di Glasgow.<\/p>\n<p style=\"text-align: justify;\">La domanda di partecipazione \u00e8 disponibile al link: https:\/\/un.submittable.com\/submit<\/p>\n<p style=\"text-align: justify;\"><a href=\"https:\/\/www.minambiente.it\/pagina\/verso-la-cop26-conferenza-preparatoria-ed-evento-giovani-youth4climate-driving-ambition\" target=\"_blank\" rel=\"noopener\">Maggiori informazioni<\/a> sulla PreCop26 e l\u2019incontro Youth4Climate: Driving Ambition.<\/p>\n","protected":false},"excerpt":{"rendered":"Dal 1 febbraio, al 1 marzo \u00e8 possibile presentare la domanda di partecipazione a \u201cYouth4Climate: Driving Ambition\u201d, il primo incontro riservato a giovani di tutto il mondo, che si terr\u00e0 a Milano dal 28 al 30 settembre 2021. L\u2019invito a partecipare \u00e8 rivolto alla nuova generazione di leader dell\u2019azione per il clima, dai 15 ai [&hellip;]","protected":false},"author":1,"featured_media":0,"comment_status":"","ping_status":"","sticky":false,"template":"","format":"standard","meta":{"footnotes":""},"tags":[],"class_list":["post-4024","post","type-post","status-publish","format-standard","hentry"],"_links":{"self":[{"href":"https:\/\/ambsofia.esteri.it\/it\/wp-json\/wp\/v2\/posts\/4024","targetHints":{"allow":["GET"]}}],"collection":[{"href":"https:\/\/ambsofia.esteri.it\/it\/wp-json\/wp\/v2\/posts"}],"about":[{"href":"https:\/\/ambsofia.esteri.it\/it\/wp-json\/wp\/v2\/types\/post"}],"author":[{"embeddable":true,"href":"https:\/\/ambsofia.esteri.it\/it\/wp-json\/wp\/v2\/users\/1"}],"replies":[{"embeddable":true,"href":"https:\/\/ambsofia.esteri.it\/it\/wp-json\/wp\/v2\/comments?post=4024"}],"version-history":[{"count":0,"href":"https:\/\/ambsofia.esteri.it\/it\/wp-json\/wp\/v2\/posts\/4024\/revisions"}],"wp:attachment":[{"href":"https:\/\/ambsofia.esteri.it\/it\/wp-json\/wp\/v2\/media?parent=4024"}],"wp:term":[{"taxonomy":"post_tag","embeddable":true,"href":"https:\/\/ambsofia.esteri.it\/it\/wp-json\/wp\/v2\/tags?post=4024"}],"curies":[{"name":"wp","href":"https:\/\/api.w.org\/{rel}","templated":true}]}}