{"id":3976,"date":"2021-02-25T16:27:13","date_gmt":"2021-02-25T14:27:13","guid":{"rendered":"https:\/\/ambsofia.esteri.it\/news\/dall_ambasciata\/2021\/02\/presidenza-dell-italia-del-g-20\/"},"modified":"2021-02-25T16:27:13","modified_gmt":"2021-02-25T14:27:13","slug":"presidenza-dell-italia-del-g-20","status":"publish","type":"post","link":"https:\/\/ambsofia.esteri.it\/it\/news\/dall_ambasciata\/2021\/02\/presidenza-dell-italia-del-g-20\/","title":{"rendered":"Presidenza dell&#8217;Italia del G 20"},"content":{"rendered":"<p style=\"text-align: justify;\">Dal 1\u00b0 dicembre 2020, l\u2019Italia detiene la Presidenza del G20, il foro internazionale che riunisce le principali economie del mondo.<\/p>\n<p style=\"text-align: justify;\"><strong>Che cos\u2019\u00e8 il G20?<\/strong><\/p>\n<p style=\"text-align: justify;\">Il G20 \u00e8 il foro internazionale che riunisce le principali economie del mondo. I Paesi che ne fanno parte rappresentano pi\u00f9 del 80% del PIL mondiale, il 75% del commercio globale e il 60% della popolazione del pianeta.<\/p>\n<p style=\"text-align: justify;\">Il G20 si tiene ogni anno dal 1999, quando, a seguito della crisi economica del 1997, i Ministri delle Finanze del G7 annunciarono la creazione del \u201cGruppo dei 20\u201d , con l\u2019obiettivo di coinvolgere altri Paesi nelle discussioni sull\u2019economia e la finanza globale. La prima riunione ufficiale del G20 si tenne a Berlino nel dicembre dello stesso anno.<\/p>\n<p style=\"text-align: justify;\">Dal 2008 prevede lo svolgimento di un Vertice finale, con la partecipazione dei Capi di Stato e di Governo. Nel 2009, al Vertice di Pittsburgh, i Capi di Stato e di Governo decisero di istituzionalizzare il G20 come principale forum di cooperazione economica e finanziaria a livello globale. Dal 2010, i Leader del G20 si riuniscono con cadenza annuale<\/p>\n<p style=\"text-align: justify;\">Oltre al Vertice, durante l\u2019anno di Presidenza si svolgono incontri ministeriali, incontri degli Sherpa (incaricati di svolgere i negoziati e facilitare il consenso fra i Leader), riunioni di gruppi di lavoro ed eventi speciali.<\/p>\n<p style=\"text-align: justify;\"><strong>Gli Stati membri<\/strong><\/p>\n<p style=\"text-align: justify;\">I Paesi membri del G20 sono: Arabia Saudita, Argentina, Australia, Brasile, Canada, Cina, Corea del Sud, Francia, Germania, Giappone, India, Indonesia, Italia, Messico, Regno Unito, Russia, Stati Uniti, Sud Africa, Turchia ed Unione Europea. A questi si aggiunge la Spagna, che \u00e8 un invitato permanente del G20.<\/p>\n<p style=\"text-align: justify;\">Ogni anno, la Presidenza invita alcuni altri Paesi, che partecipano a pieno titolo ai lavori del G20, in qualit\u00e0 di ospiti. Vi partecipano inoltre diverse organizzazioni internazionali e regionali, conferendo al foro una rappresentativit\u00e0 ancor pi\u00f9 ampia.<\/p>\n<p style=\"text-align: justify;\"><strong>Presidenza Italiana del G20<\/strong><\/p>\n<p style=\"text-align: justify;\">Nel 2021 la comunit\u00e0 internazionale sar\u00e0 chiamata a mostrare coraggio e ambizione per vincere le grandi sfide di oggi: dalla pandemia ai cambiamenti climatici, dal sostegno all\u2019innovazione alla lotta contro povert\u00e0 e disuguaglianze.<\/p>\n<p style=\"text-align: justify;\">Il programma della Presidenza Italiana si articola intorno al trinomio People, Planet, Prosperity. Si pone quindi come obiettivo la tutela del pianeta e delle persone, assicurando una forte ripresa economica che sia al contempo inclusiva e sostenibile.<\/p>\n<p style=\"text-align: justify;\">Il lavoro svolto durante l\u2019anno di Presidenza italiana culminer\u00e0 nel Vertice dei Leader G20, che si terr\u00e0 a Roma il 30 e 31 ottobre.<\/p>\n<p style=\"text-align: justify;\">La Presidenza italiana e la Commissione europea ospiteranno inoltre, insieme, il G20 Global Health Summit, che avr\u00e0 luogo a Roma il 21 maggio, al massimo livello, nel quale verranno discusse le soluzioni necessarie per affrontare le principali sfide connesse all\u2019emergenza sanitaria.<\/p>\n<p style=\"text-align: justify;\"><strong>Il Vertice di Roma<\/strong><\/p>\n<p style=\"text-align: justify;\">Il Vertice dei Capi di Stato e di Governo dei Paesi appartenenti al G20 si terr\u00e0 a Roma dal 30 al 31 ottobre del 2021 e conter\u00e0 sulla presenza dei membri del G20, di alcuni Paesi invitati e dei rappresentanti di alcune delle principali organizzazioni internazionali e regionali.<\/p>\n<p style=\"text-align: justify;\">All\u2019evento \u00e8 tradizionalmente prevista la partecipazione dei Ministri dell\u2019Economia.<\/p>\n<p style=\"text-align: justify;\">Il Vertice costituisce il punto di arrivo, a livello di Leader, dell\u2019intenso lavoro svolto durante l\u2019anno nelle riunioni ministeriali, nei gruppi di lavoro e nelle riunioni degli Engagement Groups.<\/p>\n<p><strong><a href=\"https:\/\/www.g20.org\/\" target=\"_blank\" rel=\"noopener\">Website della Presidenza dell&#8217;Italia del G 20<\/a>\u00a0<\/strong><\/p>\n","protected":false},"excerpt":{"rendered":"Dal 1\u00b0 dicembre 2020, l\u2019Italia detiene la Presidenza del G20, il foro internazionale che riunisce le principali economie del mondo. Che cos\u2019\u00e8 il G20? Il G20 \u00e8 il foro internazionale che riunisce le principali economie del mondo. I Paesi che ne fanno parte rappresentano pi\u00f9 del 80% del PIL mondiale, il 75% del commercio globale [&hellip;]","protected":false},"author":1,"featured_media":0,"comment_status":"","ping_status":"","sticky":false,"template":"","format":"standard","meta":{"footnotes":""},"tags":[],"class_list":["post-3976","post","type-post","status-publish","format-standard","hentry"],"_links":{"self":[{"href":"https:\/\/ambsofia.esteri.it\/it\/wp-json\/wp\/v2\/posts\/3976","targetHints":{"allow":["GET"]}}],"collection":[{"href":"https:\/\/ambsofia.esteri.it\/it\/wp-json\/wp\/v2\/posts"}],"about":[{"href":"https:\/\/ambsofia.esteri.it\/it\/wp-json\/wp\/v2\/types\/post"}],"author":[{"embeddable":true,"href":"https:\/\/ambsofia.esteri.it\/it\/wp-json\/wp\/v2\/users\/1"}],"replies":[{"embeddable":true,"href":"https:\/\/ambsofia.esteri.it\/it\/wp-json\/wp\/v2\/comments?post=3976"}],"version-history":[{"count":0,"href":"https:\/\/ambsofia.esteri.it\/it\/wp-json\/wp\/v2\/posts\/3976\/revisions"}],"wp:attachment":[{"href":"https:\/\/ambsofia.esteri.it\/it\/wp-json\/wp\/v2\/media?parent=3976"}],"wp:term":[{"taxonomy":"post_tag","embeddable":true,"href":"https:\/\/ambsofia.esteri.it\/it\/wp-json\/wp\/v2\/tags?post=3976"}],"curies":[{"name":"wp","href":"https:\/\/api.w.org\/{rel}","templated":true}]}}