{"id":3968,"date":"2021-02-26T10:17:07","date_gmt":"2021-02-26T08:17:07","guid":{"rendered":"https:\/\/ambsofia.esteri.it\/news\/dall_ambasciata\/2021\/02\/visita-a-plovdiv-dell-ambasciatrice\/"},"modified":"2021-02-26T10:17:07","modified_gmt":"2021-02-26T08:17:07","slug":"visita-a-plovdiv-dell-ambasciatrice","status":"publish","type":"post","link":"https:\/\/ambsofia.esteri.it\/it\/news\/dall_ambasciata\/2021\/02\/visita-a-plovdiv-dell-ambasciatrice\/","title":{"rendered":"Visita a Plovdiv dell&#8217;Ambasciatrice Giuseppina Zarra"},"content":{"rendered":"<p style=\"text-align: justify;\">L\u2019Ambasciatrice Giuseppina Zarra nei giorni 25 e 26 febbraio 2021 si \u00e8 recata in visita a Plovdiv, per incontrare le Autorit\u00e0 bulgare locali ed i rappresentanti della comunit\u00e0 italiana ivi residenti e degli imprenditori italiani.<\/p>\n<p style=\"text-align: justify;\">Accompagnata dal Console Onorario a Plovdiv Giuseppe De Francesco, l\u2019Ambasciatrice ha avuto cordiali colloqui con il Sindaco di Plovdiv, Zdravko Dimitrov, e con la Governatrice della Regione di Plovdiv, Dani Kanazireva, nel corso dei quali sono state approfondite le specifiche problematiche relative ai connazionali presenti nella citt\u00e0 e le opportunit\u00e0 di sviluppo per le aziende italiane.<br \/>La visita ha costituito anche l\u2019occasione per incontrare gli insegnanti e le classi di italiano del Liceo linguistico Ivan Vazov, ove la nostra lingua \u00e8 insegnata ad oltre 240 studenti, il Rettore dell\u2019Universit\u00e0 di Medicina di Plovdiv, Prof. Murgeva, che registra oltre 200 iscritti provenienti dall\u2019Italia, ed il Direttore Artistico dell\u2019Opera di Plovdiv, Luciano Di Martino.<\/p>\n<p style=\"text-align: justify;\">Numerosi anche gli incontri con gli imprenditori italiani presenti nell\u2019area, tra cui Zobele, Tretech Ltd, Bulltek Ltd e Rigoni di Asiago Bulgaria. Il partenariato commerciale e l\u2019attivit\u00e0 delle imprese italiane presenti nel Paese sono inoltre state al centro dei colloqui con l\u2019Amministratore Delegato della zona industriale Trakia, la principale della Bulgaria, Plamen Panchev, e con il Direttore della Fiera Internazionale di Plovdiv, Ivan Sokolov.<\/p>\n<p style=\"text-align: justify;\">\u00a0<\/p>\n<p style=\"text-align: justify;\">Di seguito una selezione di articoli della stampa locale relativi alla visita:<\/p>\n<p style=\"text-align: justify;\"><a href=\"http:\/\/focus-news.net\/news\/2021\/02\/25\/2848272\/oblastniyat-upravitel-dani-kanazireva-se-sreshtna-s-italianskiya-poslanik-n-pr-dzhuzepina-dzara.html\" target=\"_blank\" rel=\"noopener\">Focus news: la Governatrice regionale, Dani Kanazireva ha incontrato l\u2019Ambasciatrice d\u2019Italia, Giuseppina Zarra<\/a><\/p>\n<p style=\"text-align: justify;\"><a href=\"https:\/\/pd.government.bg\/?p=27105\" target=\"_blank\" rel=\"noopener\">Amministrazione regionale di Plovdiv: la Governatrice regionale, Dani Kanazireva ha incontrato l\u2019Ambasciatrice d\u2019Italia, Giuseppina Zarra<\/a><\/p>\n<p style=\"text-align: justify;\"><a href=\"https:\/\/mu-plovdiv.bg\/noviyat-poslanik-na-italiya-na-poseshteni\/\" target=\"_blank\" rel=\"noopener\">Universit\u00e0 di medicina di Plovdiv: La nuova Ambasciatrice d\u2019Italia in visita presso l\u2019Universit\u00e0 di medicina di Plovdiv<\/a><\/p>\n<p style=\"text-align: justify;\"><a href=\"https:\/\/www.marica.bg\/plovdiv\/gradat\/zdravko-dimitrov-italianskiqt-biznes-vinagi-e-dobre-doshal-v-plovdiv\" target=\"_blank\" rel=\"noopener\">marica.bg: Zdravko Dimitrov: il business italiano \u00e8 sempre benvenuto a Plovdiv<\/a><\/p>\n<p style=\"text-align: justify;\"><a href=\"http:\/\/www.bta.bg\/bg\/c\/BO\/id\/2368491\" target=\"_blank\" rel=\"noopener\">BTA: Il Sindaco di Plovdiv ha avuto un primo incontro di lavoro con l\u2019Ambasciatrice d\u2019Italia<\/a><\/p>\n<p style=\"text-align: justify;\"><a href=\"https:\/\/darik.news\/%D0%BA%D0%BC%D0%B5%D1%82%D1%8A%D1%82-%D0%BD%D0%B0-%D0%BF%D0%BB%D0%BE%D0%B2%D0%B4%D0%B8%D0%B2-%D0%BF%D1%80%D0%BE%D0%B2%D0%B5%D0%B4%D0%B5-%D0%BF%D1%8A%D1%80%D0%B2%D0%B0%D1%82%D0%B0-%D1%80%D0%B0%D0%B1.html\" target=\"_blank\" rel=\"noopener\">darik.news: Il Sindaco di Plovdiv ha avuto un primo incontro di lavoro con l\u2019Ambasciatrice d\u2019Italia<\/a><\/p>\n<p style=\"text-align: justify;\"><a href=\"https:\/\/novinata.bg\/regiona\/oblastniqt-upravitel-dani-kanazireva-se-sresthna-s-italianskiq-poslanik-djuzepina-dzara\/\">novinata.bg: La Governatrice regionale, Dani Kanazireva ha incontrato l\u2019Ambasciatrice d\u2019Italia, Giuseppina Zarra<\/a><\/p>\n<p style=\"text-align: justify;\"><a href=\"https:\/\/novini.bg\/bylgariya\/politika\/648564\" target=\"_blank\" rel=\"noopener\">novini.bg: L&#8217;Ambasciatrice d&#8217;Italia Giuseppina Zarra ha visitato Plovdiv\u00a0<\/a><\/p>\n<p style=\"text-align: justify;\"><a href=\"https:\/\/zabeliazanovplovdiv.com\/plovdiv-oblast\/sreshta-italianski-poslanik\/\" target=\"_blank\" rel=\"noopener\">zabeliazanovPlovdiv.com:\u00a0la Governatrice regionale, Dani Kanazireva ha incontrato l\u2019Ambasciatrice d\u2019Italia, Giuseppina Zarra<br \/><\/a><\/p>\n<p style=\"text-align: justify;\"><a href=\"http:\/\/www.plovdivskinovini.bg\/plovdiv\/pld\/183187\/oblastniyat-upravitel-dani-kanazireva-se-sreshtna-s-italianskiya-poslanik-n-pr-dzhuzepina-dzara\" target=\"_blank\" rel=\"noopener\">plovdivskinovini.bg: La Governatrice regionale, Dani Kanazireva ha incontrato l\u2019Ambasciatrice d\u2019Italia, Giuseppina Zarra<\/a><\/p>\n<p style=\"text-align: justify;\"><a href=\"https:\/\/www.marica.bg\/plovdiv\/politika\/kanazireva-reklamira-plovdiv-pred-italiq\" target=\"_blank\" rel=\"noopener\">marica.bg: Kanazireva fa pubblicit\u00e0 di Plovdiv d&#8217;avanti l&#8217;Italia<\/a><\/p>\n<p style=\"text-align: justify;\"><a href=\"https:\/\/darikradio.bg\/sledobednite-novini-ot-plovdiv-na-25-02-2021-g.html\" target=\"_blank\" rel=\"noopener\">darikradio.bg:\u00a0Zdravko Dimitrov: il business italiano \u00e8 sempre benvenuto a Plovdiv<br \/><\/a><\/p>\n<p style=\"text-align: justify;\"><a href=\"https:\/\/www.fair.bg\/bg\/news\/novini\/2021\/italiia-podgotvia-inovativni-eksponati-za-izlozheniiata-v-plovdiv\" target=\"_blank\" rel=\"noopener\">fair.bg: L&#8217;Italia prepara prodotti innovativi per le esposizioni a Plovdiv<\/a><\/p>\n<p style=\"text-align: justify;\"><a href=\"https:\/\/www.plovdiv.bg\/%D0%B7%D0%B4%D1%80%D0%B0%D0%B2%D0%BA%D0%BE-%D0%B4%D0%B8%D0%BC%D0%B8%D1%82%D1%80%D0%BE%D0%B2-%D0%B8%D1%82%D0%B0%D0%BB%D0%B8%D0%B0%D0%BD%D1%81%D0%BA%D0%B8%D1%8F%D1%82-%D0%B1%D0%B8%D0%B7%D0%BD\/\" target=\"_blank\" rel=\"noopener\">Comune di Plovdiv:\u00a0Zdravko Dimitrov: il business italiano \u00e8 sempre benvenuto a Plovdiv<\/a><\/p>\n<p style=\"text-align: justify;\">\u00a0<\/p>\n","protected":false},"excerpt":{"rendered":"L\u2019Ambasciatrice Giuseppina Zarra nei giorni 25 e 26 febbraio 2021 si \u00e8 recata in visita a Plovdiv, per incontrare le Autorit\u00e0 bulgare locali ed i rappresentanti della comunit\u00e0 italiana ivi residenti e degli imprenditori italiani. Accompagnata dal Console Onorario a Plovdiv Giuseppe De Francesco, l\u2019Ambasciatrice ha avuto cordiali colloqui con il Sindaco di Plovdiv, Zdravko [&hellip;]","protected":false},"author":1,"featured_media":0,"comment_status":"","ping_status":"","sticky":false,"template":"","format":"standard","meta":{"footnotes":""},"tags":[],"class_list":["post-3968","post","type-post","status-publish","format-standard","hentry"],"_links":{"self":[{"href":"https:\/\/ambsofia.esteri.it\/it\/wp-json\/wp\/v2\/posts\/3968","targetHints":{"allow":["GET"]}}],"collection":[{"href":"https:\/\/ambsofia.esteri.it\/it\/wp-json\/wp\/v2\/posts"}],"about":[{"href":"https:\/\/ambsofia.esteri.it\/it\/wp-json\/wp\/v2\/types\/post"}],"author":[{"embeddable":true,"href":"https:\/\/ambsofia.esteri.it\/it\/wp-json\/wp\/v2\/users\/1"}],"replies":[{"embeddable":true,"href":"https:\/\/ambsofia.esteri.it\/it\/wp-json\/wp\/v2\/comments?post=3968"}],"version-history":[{"count":0,"href":"https:\/\/ambsofia.esteri.it\/it\/wp-json\/wp\/v2\/posts\/3968\/revisions"}],"wp:attachment":[{"href":"https:\/\/ambsofia.esteri.it\/it\/wp-json\/wp\/v2\/media?parent=3968"}],"wp:term":[{"taxonomy":"post_tag","embeddable":true,"href":"https:\/\/ambsofia.esteri.it\/it\/wp-json\/wp\/v2\/tags?post=3968"}],"curies":[{"name":"wp","href":"https:\/\/api.w.org\/{rel}","templated":true}]}}