{"id":3726,"date":"2021-07-08T10:45:04","date_gmt":"2021-07-08T07:45:04","guid":{"rendered":"https:\/\/ambsofia.esteri.it\/news\/dall_ambasciata\/2021\/07\/giornata-del-design-italiano-2021\/"},"modified":"2021-07-08T10:45:04","modified_gmt":"2021-07-08T07:45:04","slug":"giornata-del-design-italiano-2021","status":"publish","type":"post","link":"https:\/\/ambsofia.esteri.it\/it\/news\/dall_ambasciata\/2021\/07\/giornata-del-design-italiano-2021\/","title":{"rendered":"Giornata del design italiano 2021 &#8211; inaugurata la mostra fotografica \u201cForma e luce, il segno di un\u2019architettura continua\u201d della fotografa Camilla Borghese, in presenza dell\u2019autore"},"content":{"rendered":"<p style=\"text-align: justify;\">In occasione dell&#8217;\u2019Italian Design Day 2021, nell\u2019Ambasciata d\u2019Italia a Sofia \u00e8 stata inaugurata la mostra fotografica \u201cForma e luce, il segno di un\u2019architettura continua\u201d della fotografa Camilla Borghese, con la partecipazione dell\u2019artista italiana e della Galleria d\u2019arte di Roma Spazio Nuovo.<\/p>\n<p style=\"text-align: justify;\">La mostra, organizzata dall\u2019Ambasciata d&#8217;Italia in Bulgaria e dall&#8217;Istituto Italiano di Cultura di Sofia in occasione della Giornata italiana del design \u2013 2021, \u00e8 stampata su pannelli di grandi dimensioni, esposti all\u2019esterno dell\u2019Ambasciata in via Parizh e visitabili liberamente fino al 21 agosto.<\/p>\n<p style=\"text-align: justify;\">&#8220;Se \u00e8 difficile il nuovo a Roma, nonostante coraggiose nuove architetture contemporanee, per\u00f2 uno sguardo nuovo \u00e8 possibile ed \u00e8 questo che Camilla Borghese ci offre e che sono particolarmente felice di proporvi qui, in una delle capitali pi\u00f9 antiche d\u2019Europa, perch\u00e9 se il patrimonio artistico e archeologico \u00e8 una base imprescindibile, \u00e8 il presente che viviamo e interpretiamo&#8221;, ha affermato durante l&#8217;inaugurazione l&#8217;Ambasciatrice Giuseppina Zarra. \u201cCome affermava il grande architetto urbanista Giancarlo De Carlo, non si fa la rivoluzione con le rivoluzioni ma proponendo nuove soluzioni, e Roma \u00e8 la citt\u00e0 dove \u00e8 possibile ammirare e studiare soluzioni architettoniche non solo utili ma belle, dalla fondazione fino ai giorni nostri\u201d.<\/p>\n<p style=\"text-align: justify;\">Camilla Borghese \u00e8 una fotografa di architettura con sede a Roma, Italia, dove \u00e8 nata nel 1977. Nel 2005 ha conseguito un Master in Conservazione dei Beni Artistici presso l&#8217;Universit\u00e0 Ca&#8217; Foscari, Venezia. Sin dall&#8217;inizio degli anni 2000 lei si interessa alla fotografia, che si trasforma in un&#8217;attivit\u00e0 professionale mentre Camilla lavora presso lo studio di Andrea Jemolo. Nel 2007 inizia la sua attivit\u00e0 in proprio.<\/p>\n<p style=\"text-align: justify;\">Le opere di Camilla Borghese propongono una riflessione sulla continuit\u00e0 delle linee architettoniche pi\u00f9 propriamente classiche che attraversano una linea temporale lunga secoli, mutando e rinnovandosi in una continua rinascita grazie al segno di grandi autori che hanno saputo raccogliere l\u2019eredit\u00e0 dei loro predecessori rielaborandola e ripensandola nei modi pi\u00f9 alti e fantasiosi. Tali grandi architetture sono state nei secoli motivo di ispirazione e si sono interlacciate esse stesse con la cultura della moda e dell\u2019arredamento, con il design nell\u2019industria meccanica e in ambito architettonico, in un dialogo destinato a produrre sempre nuove idee.<\/p>\n<p style=\"text-align: justify;\">Come sosteneva il grande architetto Louis Khan, \u201cLa struttura crea la luce. Una colonna accanto a una colonna porta la luce nell\u2019intervallo: ombra e luce, ombra e luce, ombra e luce\u201d.<\/p>\n<p style=\"text-align: justify;\">Ogni forma \u00e8 generatrice di una sua propria luce che si fa strada in un perenne dialogo con lo spostarsi del sole nello scorrere del tempo. Noi non possiamo far altro che provare il piacere di ascoltarlo.<\/p>\n<p style=\"text-align: justify;\"><strong><a href=\"https:\/\/bnt.bg\/news\/izlozhba-formi-i-svetlina-znakat-na-arhitekturata-bez-krai-v300650-296798news.html\" target=\"_blank\" rel=\"noopener\">Video presentazione<\/a><\/strong> della mostra nell&#8217;intervista dell&#8217;Ambasciatrice Giuseppina Zarra e dell&#8217;autore Camilla Borghese per la Televizione nazionale bulgara.\u00a0<\/p>\n<p style=\"text-align: justify;\"><img decoding=\"async\" src=\"resource\/img\/2021\/07\/italian_ambassador_giuseppina_zarra_with_the_author_camilla_borghese.jpg\" alt=\"italian ambassador giuseppina zarra with the author camilla borghese\" \/><\/p>\n<p style=\"text-align: justify;\"><img decoding=\"async\" src=\"resource\/img\/2021\/07\/the_author_camilla_borghese_in_sofia.jpg\" alt=\"the author camilla borghese in sofia\" \/><\/p>\n<p style=\"text-align: justify;\"><img decoding=\"async\" src=\"resource\/img\/2021\/08\/p1270708.jpg\" alt=\"p1270708\" \/><\/p>\n<p style=\"text-align: justify;\"><img decoding=\"async\" src=\"resource\/img\/2021\/09\/p1230783.jpg\" alt=\"p1230783\" \/><\/p>\n<p style=\"text-align: justify;\"><img decoding=\"async\" src=\"resource\/img\/2021\/08\/p1270723.jpg\" alt=\"p1270723\" \/><\/p>\n<p style=\"text-align: justify;\"><img decoding=\"async\" src=\"resource\/img\/2021\/09\/p1230778.jpg\" alt=\"p1230778\" \/><\/p>\n<p style=\"text-align: justify;\"><img decoding=\"async\" src=\"resource\/img\/2021\/08\/p1270656.jpg\" alt=\"p1270656\" \/><\/p>\n<p style=\"text-align: justify;\"><img decoding=\"async\" src=\"resource\/img\/2021\/09\/p1270617.jpg\" alt=\"p1270617\" \/><\/p>\n<p style=\"text-align: justify;\"><img decoding=\"async\" src=\"resource\/img\/2021\/08\/p1270741.jpg\" alt=\"p1270741\" \/><\/p>\n<p style=\"text-align: justify;\"><img decoding=\"async\" src=\"resource\/img\/2021\/08\/p1270556.jpg\" alt=\"p1270556\" \/><\/p>\n<p style=\"text-align: justify;\">\u00a0<\/p>\n<p style=\"text-align: justify;\">\u00a0<\/p>\n<p style=\"text-align: justify;\">\u00a0<\/p>\n","protected":false},"excerpt":{"rendered":"In occasione dell&#8217;\u2019Italian Design Day 2021, nell\u2019Ambasciata d\u2019Italia a Sofia \u00e8 stata inaugurata la mostra fotografica \u201cForma e luce, il segno di un\u2019architettura continua\u201d della fotografa Camilla Borghese, con la partecipazione dell\u2019artista italiana e della Galleria d\u2019arte di Roma Spazio Nuovo. La mostra, organizzata dall\u2019Ambasciata d&#8217;Italia in Bulgaria e dall&#8217;Istituto Italiano di Cultura di Sofia [&hellip;]","protected":false},"author":1,"featured_media":0,"comment_status":"","ping_status":"","sticky":false,"template":"","format":"standard","meta":{"footnotes":""},"tags":[],"class_list":["post-3726","post","type-post","status-publish","format-standard","hentry"],"_links":{"self":[{"href":"https:\/\/ambsofia.esteri.it\/it\/wp-json\/wp\/v2\/posts\/3726","targetHints":{"allow":["GET"]}}],"collection":[{"href":"https:\/\/ambsofia.esteri.it\/it\/wp-json\/wp\/v2\/posts"}],"about":[{"href":"https:\/\/ambsofia.esteri.it\/it\/wp-json\/wp\/v2\/types\/post"}],"author":[{"embeddable":true,"href":"https:\/\/ambsofia.esteri.it\/it\/wp-json\/wp\/v2\/users\/1"}],"replies":[{"embeddable":true,"href":"https:\/\/ambsofia.esteri.it\/it\/wp-json\/wp\/v2\/comments?post=3726"}],"version-history":[{"count":0,"href":"https:\/\/ambsofia.esteri.it\/it\/wp-json\/wp\/v2\/posts\/3726\/revisions"}],"wp:attachment":[{"href":"https:\/\/ambsofia.esteri.it\/it\/wp-json\/wp\/v2\/media?parent=3726"}],"wp:term":[{"taxonomy":"post_tag","embeddable":true,"href":"https:\/\/ambsofia.esteri.it\/it\/wp-json\/wp\/v2\/tags?post=3726"}],"curies":[{"name":"wp","href":"https:\/\/api.w.org\/{rel}","templated":true}]}}