{"id":3647,"date":"2021-09-01T11:35:44","date_gmt":"2021-09-01T08:35:44","guid":{"rendered":"https:\/\/ambsofia.esteri.it\/news\/dall_ambasciata\/2021\/09\/l-ambasciatrice-giuseppina-zarra_1\/"},"modified":"2021-09-01T11:35:44","modified_gmt":"2021-09-01T08:35:44","slug":"l-ambasciatrice-giuseppina-zarra_1","status":"publish","type":"post","link":"https:\/\/ambsofia.esteri.it\/it\/news\/dall_ambasciata\/2021\/09\/l-ambasciatrice-giuseppina-zarra_1\/","title":{"rendered":"L\u2019Ambasciatrice Giuseppina Zarra ha incontrato oggi la Vice Presidente della Repubblica di Bulgaria Iliana Iotova."},"content":{"rendered":"<p style=\"text-align: justify;\">L\u2019Ambasciatrice Giuseppina Zarra ha incontrato oggi la Vice Presidente della Repubblica di Bulgaria Iliana Iotova.<\/p>\n<p>Nel corso del cordiale incontro sono state rimarcate le ottime relazioni bilaterali tra l\u2019Italia e la Bulgaria e la buona cooperazione nell\u2019ambito dell\u2019UE e della NATO.<\/p>\n<p>Sono stati discussi i temi internazionali di attualit\u00e0 e soprattutto le sfide emergenti dalla situazione in Afghanistan con particolare riferimento al problema dei rifugiati e alle future discussioni a livello europeo.<\/p>\n<p>Il Vice Presidente Yotova e l&#8217;Ambasciatrice Zarra hanno posto enfasi sulle opportunit\u00e0 di iniziative congiunte a sostegno delle donne e per promuovere il loro ruolo in tutte le sfere della vita.<\/p>\n<p>Al termine dell&#8217;incontro \u00e8 stata riconfermata la comune volont\u00e0 di accrescere le sinergie a favore di una cooperazione sempre pi\u00f9 stretta tra i due Paesi.<\/p>\n","protected":false},"excerpt":{"rendered":"L\u2019Ambasciatrice Giuseppina Zarra ha incontrato oggi la Vice Presidente della Repubblica di Bulgaria Iliana Iotova. Nel corso del cordiale incontro sono state rimarcate le ottime relazioni bilaterali tra l\u2019Italia e la Bulgaria e la buona cooperazione nell\u2019ambito dell\u2019UE e della NATO. Sono stati discussi i temi internazionali di attualit\u00e0 e soprattutto le sfide emergenti dalla [&hellip;]","protected":false},"author":1,"featured_media":0,"comment_status":"","ping_status":"","sticky":false,"template":"","format":"standard","meta":{"footnotes":""},"tags":[],"class_list":["post-3647","post","type-post","status-publish","format-standard","hentry"],"_links":{"self":[{"href":"https:\/\/ambsofia.esteri.it\/it\/wp-json\/wp\/v2\/posts\/3647","targetHints":{"allow":["GET"]}}],"collection":[{"href":"https:\/\/ambsofia.esteri.it\/it\/wp-json\/wp\/v2\/posts"}],"about":[{"href":"https:\/\/ambsofia.esteri.it\/it\/wp-json\/wp\/v2\/types\/post"}],"author":[{"embeddable":true,"href":"https:\/\/ambsofia.esteri.it\/it\/wp-json\/wp\/v2\/users\/1"}],"replies":[{"embeddable":true,"href":"https:\/\/ambsofia.esteri.it\/it\/wp-json\/wp\/v2\/comments?post=3647"}],"version-history":[{"count":0,"href":"https:\/\/ambsofia.esteri.it\/it\/wp-json\/wp\/v2\/posts\/3647\/revisions"}],"wp:attachment":[{"href":"https:\/\/ambsofia.esteri.it\/it\/wp-json\/wp\/v2\/media?parent=3647"}],"wp:term":[{"taxonomy":"post_tag","embeddable":true,"href":"https:\/\/ambsofia.esteri.it\/it\/wp-json\/wp\/v2\/tags?post=3647"}],"curies":[{"name":"wp","href":"https:\/\/api.w.org\/{rel}","templated":true}]}}