{"id":3582,"date":"2021-09-23T08:37:56","date_gmt":"2021-09-23T05:37:56","guid":{"rendered":"https:\/\/ambsofia.esteri.it\/news\/dall_ambasciata\/2021\/09\/onu-il-presidente-draghi-interviene\/"},"modified":"2021-09-23T08:37:56","modified_gmt":"2021-09-23T05:37:56","slug":"onu-il-presidente-draghi-interviene","status":"publish","type":"post","link":"https:\/\/ambsofia.esteri.it\/it\/news\/dall_ambasciata\/2021\/09\/onu-il-presidente-draghi-interviene\/","title":{"rendered":"Onu, il Presidente Draghi interviene alla tavola rotonda sul clima"},"content":{"rendered":"<p>Il Presidente del Consiglio, Mario Draghi, \u00e8 intervenuto in videoconferenza alla tavola rotonda sul clima (&#8220;Climate Moment&#8221;), che si \u00e8 svolta a New York, nell&#8217;ambito degli eventi della 76esima Assemblea generale Onu il 20 settembre.<\/p>\n<p>Ecco la traduzione non ufficiale in italiano del suo intervento:<\/p>\n<p style=\"text-align: justify;\">Signor Segretario Generale (caro Antonio), signor Primo Ministro (caro Boris), grazie per aver convocato questa riunione.<\/p>\n<p style=\"text-align: justify;\">Il Panel intergovernativo delle Nazioni Unite sul cambiamento climatico ci ha detto tre cose: la nostra azione deve essere immediata, rapida e su larga scala. Se non intraprendiamo questa azione sulla riduzione delle emissioni di gas serra non saremo in grado di limitare il riscaldamento globale sotto 1,5 gradi.<\/p>\n<p style=\"text-align: justify;\">D&#8217;altra parte, questo \u00e8 gi\u00e0 in azione, perch\u00e9 stiamo vedendo eventi meteorologici estremi che negli ultimi mesi sono stati un doloroso promemoria degli impatti del cambiamento climatico. Dunque, anche questo richiede un&#8217;azione immediata sull&#8217;adattamento.<\/p>\n<p style=\"text-align: justify;\">\u00c8 anche vero che siamo ancora alle prese con la pandemia, ma questa \u00e8 un&#8217;emergenza altrettanto &#8211; e forse anche pi\u00f9 grande &#8211; e non dobbiamo assolutamente diminuire la nostra determinazione ad affrontare il cambiamento climatico.<\/p>\n<p style=\"text-align: justify;\">Molti paesi &#8211; come l&#8217;Italia &#8211; hanno deciso di mettere al centro dei piani di ripresa e resilienza un modello di crescita pi\u00f9 verde e inclusivo. Tuttavia, sappiamo gi\u00e0 che \u00e8 necessario fare di pi\u00f9.<\/p>\n<p style=\"text-align: justify;\">Siamo certamente un convinto sostenitore del ruolo guida dell&#8217;Unione Europea nell&#8217;affrontare il cambiamento climatico. Siamo determinati a mettere l&#8217;UE sulla strada di una riduzione del 55% delle emissioni di carbonio entro il 2030, e di emissioni nette-zero entro il 2050.<\/p>\n<p style=\"text-align: justify;\">Ma l&#8217;Unione europea rappresenta oggi solo l&#8217;8% delle emissioni globali. Studi recenti mostrano la profonda interconnessione tra la produzione di energia, le emissioni di gas serra e il cambiamento climatico.<\/p>\n<p style=\"text-align: justify;\">Quindi, dovremmo convincere le persone e i paesi di tutto il mondo che accelerare la transizione energetica ha dei costi, ma produce anche grandi benefici. Soprattutto nei mercati emergenti e nelle economie in via di sviluppo, il ritmo dei flussi di investimento verso l&#8217;energia pulita \u00e8 fondamentale per raggiungere gli obiettivi di sviluppo sostenibile.<\/p>\n<p style=\"text-align: justify;\">Le misure attuali sono insufficienti per impedire che le emissioni energetiche globali tornino ai livelli del 2019 entro il 2022, e continuino a salire dopo il 2023. Tutto ci\u00f2 \u00e8 chiaro: questo \u00e8 lontano dalla traiettoria necessaria per raggiungere lo zero netto entro il 2050.<\/p>\n<p style=\"text-align: justify;\">La sfida \u00e8 evidente: il raggiungimento di una transizione energetica pulita dipende dalla fornitura di un accesso pulito all&#8217;elettricit\u00e0 a circa 785 milioni di persone entro il 2030 e di una cucina pulita ai 2,6 miliardi di persone che ancora non vi hanno accesso.<\/p>\n<p style=\"text-align: justify;\">Siamo tutti chiamati a fissare non solo obiettivi coerenti a lungo termine, ma anche ad allineare azioni concrete a breve termine.<\/p>\n<p style=\"text-align: justify;\">Per esempio, dovremo rafforzare i nostri sforzi comuni per accelerare l&#8217;eliminazione graduale del carbone non bruciato sia a livello nazionale che internazionale. E su questo punto dobbiamo davvero prendere in mano il destino.<\/p>\n<p style=\"text-align: justify;\">Inoltre, gli investimenti pubblici destinati alla ricerca e allo sviluppo devono diventare prioritari per aree critiche come l&#8217;elettrificazione, l&#8217;idrogeno, la bioenergia e la cattura, l&#8217;uso e lo stoccaggio del carbonio, che oggi ricevono solamente circa un terzo dei finanziamenti pubblici.<\/p>\n<p style=\"text-align: justify;\">Allo stesso tempo, il Carbon Pricing potrebbe essere uno degli strumenti per accelerare la transizione verde.<\/p>\n<p style=\"text-align: justify;\">Il prossimo vertice del G20 a Roma e la COP26 a Glasgow sono un&#8217;opportunit\u00e0 imperdibile per rispondere a queste sfide e dimostrare la nostra determinazione collettiva.<\/p>\n<p style=\"text-align: justify;\">Come Presidenza del G20 e partner del Regno Unito nella COP26, l&#8217;Italia sta facendo del suo meglio per promuovere la necessaria fiducia a livello multilaterale intorno a questi temi. Siamo impegnati a fissare obiettivi ambiziosi e lungimiranti attraverso i tre pilastri principali dell&#8217;Accordo di Parigi: Mitigazione, Adattamento e Finanza.<\/p>\n<p style=\"text-align: justify;\">C&#8217;\u00e8 una grande aspettativa da parte delle giovani generazioni sulla nostra leadership. Il nostro successo sar\u00e0 misurato sulla nostra capacit\u00e0 di rispondere al loro appello con azioni ambiziose.<\/p>\n<p style=\"text-align: justify;\">Tra pochi giorni, diverse centinaia di giovani si riuniranno a Milano e contribuiranno alla discussione sulle priorit\u00e0 dell&#8217;azione climatica. Questo evento, che si chiama Youth4Climate, si terr\u00e0 in back to back con la Pre-COP che aprir\u00e0 la strada a Glasgow.<\/p>\n<p style=\"text-align: justify;\">Quindi, finanziare la transizione \u00e8 la chiave e dobbiamo rispettare l&#8217;impegno di 100 miliardi di dollari. Ma allo stesso tempo, dobbiamo essere consapevoli che le risorse pubbliche da sole non possono sostenere l&#8217;intero costo della transizione. La mobilitazione del settore privato \u00e8 altrettanto fondamentale. Le autorit\u00e0 pubbliche, attraverso investimenti mirati e politiche abilitanti, possono creare le condizioni per sbloccare gli investimenti privati.<\/p>\n<p style=\"text-align: justify;\">Ora, il G20 ha istituito il gruppo di lavoro sulla finanza sostenibile, con l&#8217;obiettivo di formare una visione comune di alto livello e lungimirante sulla scalata della finanza sostenibile che supporti gli obiettivi dell&#8217;Agenda 2030.<\/p>\n<p style=\"text-align: justify;\">Il G20 sta anche facendo importanti progressi nel coordinare le strategie di transizione verde, che dovrebbero includere l&#8217;aumento degli investimenti in infrastrutture sostenibili e tecnologie innovative per la de-carbonizzazione.<\/p>\n<p style=\"text-align: justify;\">Quindi, l&#8217;Italia far\u00e0 la sua parte. Siamo pronti ad annunciare un nuovo impegno finanziario sul clima nelle prossime settimane.<\/p>\n<p>E al seguente <a href=\"https:\/\/www.governo.it\/it\/articolo\/onu-intervento-del-presidente-draghi-alla-tavola-rotonda-sul-clima\/17938\" target=\"_blank\" rel=\"noopener\"><strong>link<\/strong><\/a> \u00e8 disponibile anche l&#8217;intervento originale in lingua inlgese.\u00a0<\/p>\n<p>Foto: Consiglio dei Ministri.<\/p>\n","protected":false},"excerpt":{"rendered":"Il Presidente del Consiglio, Mario Draghi, \u00e8 intervenuto in videoconferenza alla tavola rotonda sul clima (&#8220;Climate Moment&#8221;), che si \u00e8 svolta a New York, nell&#8217;ambito degli eventi della 76esima Assemblea generale Onu il 20 settembre. Ecco la traduzione non ufficiale in italiano del suo intervento: Signor Segretario Generale (caro Antonio), signor Primo Ministro (caro Boris), [&hellip;]","protected":false},"author":1,"featured_media":0,"comment_status":"","ping_status":"","sticky":false,"template":"","format":"standard","meta":{"footnotes":""},"tags":[],"class_list":["post-3582","post","type-post","status-publish","format-standard","hentry"],"_links":{"self":[{"href":"https:\/\/ambsofia.esteri.it\/it\/wp-json\/wp\/v2\/posts\/3582","targetHints":{"allow":["GET"]}}],"collection":[{"href":"https:\/\/ambsofia.esteri.it\/it\/wp-json\/wp\/v2\/posts"}],"about":[{"href":"https:\/\/ambsofia.esteri.it\/it\/wp-json\/wp\/v2\/types\/post"}],"author":[{"embeddable":true,"href":"https:\/\/ambsofia.esteri.it\/it\/wp-json\/wp\/v2\/users\/1"}],"replies":[{"embeddable":true,"href":"https:\/\/ambsofia.esteri.it\/it\/wp-json\/wp\/v2\/comments?post=3582"}],"version-history":[{"count":0,"href":"https:\/\/ambsofia.esteri.it\/it\/wp-json\/wp\/v2\/posts\/3582\/revisions"}],"wp:attachment":[{"href":"https:\/\/ambsofia.esteri.it\/it\/wp-json\/wp\/v2\/media?parent=3582"}],"wp:term":[{"taxonomy":"post_tag","embeddable":true,"href":"https:\/\/ambsofia.esteri.it\/it\/wp-json\/wp\/v2\/tags?post=3582"}],"curies":[{"name":"wp","href":"https:\/\/api.w.org\/{rel}","templated":true}]}}