{"id":3567,"date":"2021-09-23T16:27:57","date_gmt":"2021-09-23T13:27:57","guid":{"rendered":"https:\/\/ambsofia.esteri.it\/news\/dall_ambasciata\/2021\/09\/conferenza-la-strada-verso-cop\/"},"modified":"2021-09-23T16:27:57","modified_gmt":"2021-09-23T13:27:57","slug":"conferenza-la-strada-verso-cop","status":"publish","type":"post","link":"https:\/\/ambsofia.esteri.it\/it\/news\/dall_ambasciata\/2021\/09\/conferenza-la-strada-verso-cop\/","title":{"rendered":"Conferenza \u201cLa strada verso COP 26: la scelta della Bulgaria\u201c, organizzata dall\u2019Ambasciata d\u2019Italia a Sofia e dall\u2019Ambasciata Britannica a Sofia, in collaborazione con l\u2019associazione non governativa bulgara Move.bg"},"content":{"rendered":"<p style=\"text-align: justify;\">Nel quadro della preparazione della COP26, che si svolger\u00e0 a Glasgow dal 1 al 12 novembre 2021, sotto la presidenza congiunta di Italia e Regno Unito, per dare il proprio contributo e per focalizzare la questione del cambiamento climatico nel discorso politico e pubblico, l\u2019Ambasciata d\u2019Italia e l\u2019Ambasciata Britannica a Sofia, in collaborazione con l\u2019associazione non governativa bulgara Move.bg organizzano il 28 settembre un evento ibrido intitolato: \u201cLa strada verso COP 26: la scelta della Bulgaria\u201c.<\/p>\n<p style=\"text-align: justify;\">In una discussione tra diplomatici, politici e amministratori bulgari ed esperti dei tre Paesi, l\u2019evento cercher\u00e0 di rispondere alle domande:<\/p>\n<p style=\"text-align: justify;\">&#8211; \u201cPerch\u00e9 la 26a Conferenza delle Parti sul cambiamento climatico delle Nazioni Unite \u00e8 uno dei forum mondiali pi\u00f9 importanti di quest&#8217;anno?&#8221;<\/p>\n<p style=\"text-align: justify;\">&#8211; &#8220;Qual \u00e8 l&#8217;importanza della cooperazione tra le parti?&#8221;<\/p>\n<p style=\"text-align: justify;\">&#8211; &#8220;Come si sta preparando la Bulgaria all&#8217;importante incontro internazionale COP 26, dedicato alla lotta al riscaldamento globale?\u201d<\/p>\n<p style=\"text-align: justify;\">La conferenza \u00e8 divisa in tre parti: \u00c8 il tempo per agire; Insieme possiamo fare di pi\u00f9; La scelta della Bulgaria. Dall\u2019Italia si collegher\u00e0 prof. Michele De Nigris, Direttore Sviluppo sostenibile e Fonti Energetiche presso Ricerca sul Sistema Energetico \u2013 RSE per condividere la visione dell\u2019Italia per la transizione energetica.<\/p>\n<p style=\"text-align: justify;\"><strong><a href=\"https:\/\/plentix.co\/events\/conferences\/putqt-kum-cop-26-izborut-na-bulgariq\/745\/\" target=\"_blank\" rel=\"noopener\">La conferenza \u201cLa strada verso COP 26: la scelta della Bulgaria\u201d <\/a><\/strong>si svolger\u00e0 a Sofia e in diretta streaming online, il 28 settembre, dalle ore 10.30 bulgare, in lingua bulgara.<\/p>\n<p style=\"text-align: justify;\">In preparazione della Cop26 inoltre, l&#8217;Italia ospiter\u00e0 una serie di importanti eventi preparatori alla Conferenza. Nei prossimi giorni si svolge a Milano la Pre-COP, che \u00e8 la riunione preparatoria dei Ministri che si tiene tradizionalmente circa un mese prima della COP, con l&#8217;obiettivo di offrire ai Ministri che rappresentano le principali parti negoziali l&#8217;opportunit\u00e0 di discutere in modo informale gli aspetti politici chiave.<\/p>\n<p style=\"text-align: justify;\">Dal 28 settembre al 2 ottobre, sempre a Milano, l&#8217;Italia ospiter\u00e0 anche l\u2019evento \u201cYouth4Climate: Driving Ambition\u201d, legato alla Pre-COP. Il forum offrir\u00e0 ai giovani di tutto il mondo l&#8217;opportunit\u00e0 di elaborare proposte concrete, da portare sul tavolo della Pre-COP e della COP26. \u201cRiteniamo fondamentale promuovere l&#8217;impegno delle giovani generazioni ed incanalare in modo positivo la mobilitazione giovanile, in quanto saranno loro ad avere il futuro del nostro pianeta.\u201d, ha detto l\u2019Ambasciatrice Giuseppina Zarra dopo l\u2019incontro virtuale che ha avuto con una delle due giovani delegate bulgare al forum \u201cYouth4Climate: Driving Ambition\u201d.<\/p>\n<p style=\"text-align: justify;\">Inoltre, l\u2019Italia organizzer\u00e0 a Roma un evento ministeriale di alto livello focalizzato sulle sfide ambientali e climatiche in Africa dal titolo &#8220;Incontri con l&#8217;Africa&#8221;.<\/p>\n<p style=\"text-align: justify;\">\u00a0<\/p>\n<p style=\"text-align: justify;\"><img decoding=\"async\" src=\"resource\/img\/2021\/09\/cop26_banner.jpg\" alt=\"cop26 banner\" \/><\/p>\n<p style=\"text-align: justify;\"><img decoding=\"async\" src=\"resource\/img\/2021\/09\/banner_2.jpg\" alt=\"banner 2\" \/><\/p>\n","protected":false},"excerpt":{"rendered":"Nel quadro della preparazione della COP26, che si svolger\u00e0 a Glasgow dal 1 al 12 novembre 2021, sotto la presidenza congiunta di Italia e Regno Unito, per dare il proprio contributo e per focalizzare la questione del cambiamento climatico nel discorso politico e pubblico, l\u2019Ambasciata d\u2019Italia e l\u2019Ambasciata Britannica a Sofia, in collaborazione con l\u2019associazione [&hellip;]","protected":false},"author":1,"featured_media":0,"comment_status":"","ping_status":"","sticky":false,"template":"","format":"standard","meta":{"footnotes":""},"tags":[],"class_list":["post-3567","post","type-post","status-publish","format-standard","hentry"],"_links":{"self":[{"href":"https:\/\/ambsofia.esteri.it\/it\/wp-json\/wp\/v2\/posts\/3567","targetHints":{"allow":["GET"]}}],"collection":[{"href":"https:\/\/ambsofia.esteri.it\/it\/wp-json\/wp\/v2\/posts"}],"about":[{"href":"https:\/\/ambsofia.esteri.it\/it\/wp-json\/wp\/v2\/types\/post"}],"author":[{"embeddable":true,"href":"https:\/\/ambsofia.esteri.it\/it\/wp-json\/wp\/v2\/users\/1"}],"replies":[{"embeddable":true,"href":"https:\/\/ambsofia.esteri.it\/it\/wp-json\/wp\/v2\/comments?post=3567"}],"version-history":[{"count":0,"href":"https:\/\/ambsofia.esteri.it\/it\/wp-json\/wp\/v2\/posts\/3567\/revisions"}],"wp:attachment":[{"href":"https:\/\/ambsofia.esteri.it\/it\/wp-json\/wp\/v2\/media?parent=3567"}],"wp:term":[{"taxonomy":"post_tag","embeddable":true,"href":"https:\/\/ambsofia.esteri.it\/it\/wp-json\/wp\/v2\/tags?post=3567"}],"curies":[{"name":"wp","href":"https:\/\/api.w.org\/{rel}","templated":true}]}}