{"id":3538,"date":"2021-09-28T13:26:42","date_gmt":"2021-09-28T10:26:42","guid":{"rendered":"https:\/\/ambsofia.esteri.it\/news\/dall_ambasciata\/2021\/09\/la-cop-26-e-una-possibilita-per\/"},"modified":"2021-09-28T13:26:42","modified_gmt":"2021-09-28T10:26:42","slug":"la-cop-26-e-una-possibilita-per","status":"publish","type":"post","link":"https:\/\/ambsofia.esteri.it\/it\/news\/dall_ambasciata\/2021\/09\/la-cop-26-e-una-possibilita-per\/","title":{"rendered":"La COP 26 \u00e8 una possibilit\u00e0 per la Bulgaria e il mondo di assumere impegni chiari per affrontare il cambiamento climatico"},"content":{"rendered":"<p style=\"text-align: justify;\">Ministri, scienziati, esperti di economia e ambientalisti hanno partecipato alla conferenza speciale dedicata alla preparazione della Bulgaria per il forum delle Nazioni Unite a Glasgow, &#8220;La stada verso COP 26, la scelta della Bulgaria&#8221; che si \u00e8 tenuta oggi a Sofia.<\/p>\n<p style=\"text-align: justify;\">Tra poche settimane, Capi di Stato e di governo, rappresentanti politici ed esperti si incontreranno nel Regno Unito in occasione di uno pi\u00f9 importanti forum mondiali di quest&#8217;anno &#8211; il Vertice internazionale sul clima delle Nazioni Unite COP 26, sotto la presidenza congiunta di Regno Unito e Italia. I Paesi, tra cui la Bulgaria, devono avvalersi dell\u2019incontro a Glasgow per prendere impegni chiari per limitare il riscaldamento globale e per preservale il pianeta per le generazioni future. Di particolare importanza \u00e8 il rispetto degli impegni, \u00e8 importante per la Bulgaria come il Paese intende raggiungere gli obiettivi europei per il raggiungimento della neutralit\u00e0 climatica entro il 2050 e la riduzione delle emissioni di gas serra nei prossimi 10 anni (entro il 2030) di almeno il 55% del livello di emissioni del 1990.<\/p>\n<p style=\"text-align: justify;\">Spinta da questa motivazione, MOVE.BG insieme alle Ambasciate del Regno Unito e Italia hanno organizzato una conferenza speciale dedicata alla preparazione della Bulgaria per l&#8217;ONU International Climate Summit. Il forum &#8220;The Road to COP 26: the Choice for Bulgaria&#8221; ha riunito ministri, studenti, esperti di economia e ambientalisti tra cui anche il Vice Primo Ministro Atanas Pekanov.<\/p>\n<p style=\"text-align: justify;\">La conferenza arriva a pochi mesi dalla pubblicazione del rapporto sul clima dell&#8217;ONU, che ha avvertito che il cambiamento climatico potrebbe diventare irreversibile se non si prendono le misure necessarie per limitare il riscaldamento globale, mentre un\u2019analisi della BBC con degli scienziati di Oxford e Berkeley ha mostrato che l&#8217;Europa dell&#8217;Est \u00e8 una delle regioni pi\u00f9 colpite dal riscaldamento globale.<\/p>\n<p style=\"text-align: justify;\">L&#8217;Ambasciatrice Giuseppina Zarra, ambasciatrice d&#8217;Italia in Bulgaria, ha condiviso:<br \/>&#8220;Mentre ripristiniamo la salute delle nostre economie, dobbiamo investire sulla salute del nostro pianeta e mettere le persone e la natura al centro dell\u2019agenda politica. Riteniamo fondamentale promuovere l&#8217;impegno delle giovani generazioni ed incanalare in modo positivo la mobilitazione giovanile, in quanto saranno loro ad avere il futuro del nostro pianeta.<br \/>Come dice Margaret Mead, \u201cNon dubitare mai che un piccolo gruppo di cittadini coscienziosi ed impegnati possa cambiare il mondo. In verit\u00e0 \u00e8 l&#8217;unica cosa che \u00e8 sempre accaduta\u201d&#8221;.<\/p>\n<p style=\"text-align: justify;\">Tutto l\u2019intervento dell\u2019Ambasciatrice \u00e8 disponibile <strong><a href=\"resource\/doc\/2021\/09\/2021.09.27_intervento_amb._zarra.pdf\" target=\"_blank\" rel=\"noopener\">qui<\/a><\/strong>.<\/p>\n<p style=\"text-align: justify;\">Rob Dixon, Ambasciatore del Regno Unito in Bulgaria ha detto:\u00a0<br \/>&#8220;Negli ultimi 30 anni, il Regno Unito ha dimezzato le sue emissioni e l&#8217;economia \u00e8 cresciuta del 75%, creando quasi mezzo milione di posti di lavoro verdi. Nel 2012, quasi la met\u00e0 della nostra elettricit\u00e0 proveniva dal carbone e ora &#8211; meno del due percento.\u00a0Nonostante le sfide, credo che la Bulgaria possa anche adottare e raggiungere obiettivi pi\u00f9 ambiziosi e piani concreti per una crescita pulita. Spero che nella discussione di oggi delineeremo come ci\u00f2 pu\u00f2 accadere&#8221;.<\/p>\n<p style=\"text-align: justify;\">Sasha Bezuhanova, fondatrice di MOVE.BG, ha condiviso:<br \/>&#8220;Insieme alle ambasciate del Regno Unito e Italia, i co-organizzatori della COP26, stiamo tenendo la tavola rotonda di oggi per dare pi\u00f9 peso nell&#8217;agenda pubblica della Bulgaria al tema della crisi climatica e il possibile contributo del nostro Paese alla sua soluzione.\u00a0Il tema del clima \u00e8 presente nel dibattito pubblico principalmente attraverso la dimensione sociale della chiusura delle miniere nel complesso di Maritza East. Gli impegni formalmente accettati all&#8217;interno del processo europeo non hanno un piano nazionale integrato, condiviso e pubblicamente sostenuto del nostro Paese per il raggiungimento degli obiettivi di decarbonizzazione dell&#8217;Europa.\u00a0Credo che l&#8217;evento di oggi diventer\u00e0 un catalizzatore per un chiaro Programma sul clima del nostro Paese&#8221;.<\/p>\n<p><span style=\"text-align: justify;\">Come si sta preparando la Bulgaria per la COP 26?<\/span><\/p>\n<p style=\"text-align: justify;\">Ci\u00f2 che \u00e8 stato condiviso dal vice primo ministro Atanas Pekanov, dal rappresentante del Ministero dell\u2019Ambiente, nonch\u00e9 da scienziati e rappresentanti delle imprese bulgare, potete vedere nel file con le citazioni qui e la registrazione completa della conferenza &#8220;Road to CS 26: la scelta della Bulgaria&#8221; \u00e8 disponibile <strong><a href=\"https:\/\/youtu.be\/USyXHa2JcVg\" target=\"_blank\" rel=\"noopener\">qui<\/a><\/strong>. Le foto dell&#8217;evento sono disponibili al <a href=\"https:\/\/photos.google.com\/share\/AF1QipO30VZ3nfEw4tKqhIU2UTHs8rmw0VRelxrMBVU5PzD8DoCC737wJLED1pUJ2DDPAQ?pli=1&#038;key=STJTODBKVFVaT0lCZndVT0NwaDd1TW9naEJwUFZ3\" target=\"_blank\" rel=\"noopener\">link<\/a>.<\/p>\n<p style=\"text-align: justify;\">All&#8217;evento ha preso parte anche dott. Michele de Nigris,\u00a0Direttore Sviluppo sostenibile e Fonti Energetiche presso Ricerca sul Sistema Energetico. Il suo intervento, in lingua inglese \u00e8 disponibile<strong> <a href=\"https:\/\/youtu.be\/GtFrgpB4EBw\" target=\"_blank\" rel=\"noopener\">qui<\/a><\/strong>.<\/p>\n<p style=\"text-align: justify;\"><em>COP 26 \u00e8 una conferenza delle parti della Convenzione quadro delle Nazioni Unite sui cambiamenti climatici. Il forum, organizzato dalla Gran Bretagna in partnership con l&#8217;Italia, fa parte di una conferenza nell&#8217;ambito del nuovo protocollo UNFCCC dopo quello di Kyoto: \u00e8 l&#8217;Accordo di Parigi sul clima, che mira a limitare il riscaldamento globale a 2 gradi entro il 2050 e lottando per 1,5 gradi entro la fine del secolo.<\/em><\/p>\n<p style=\"text-align: justify;\">\u00a0<\/p>\n<p style=\"text-align: justify;\">\u00a0<img decoding=\"async\" src=\"resource\/img\/2021\/09\/cop264.jpg\" alt=\"cop264\" \/><\/p>\n<p>\u00a0<\/p>\n","protected":false},"excerpt":{"rendered":"Ministri, scienziati, esperti di economia e ambientalisti hanno partecipato alla conferenza speciale dedicata alla preparazione della Bulgaria per il forum delle Nazioni Unite a Glasgow, &#8220;La stada verso COP 26, la scelta della Bulgaria&#8221; che si \u00e8 tenuta oggi a Sofia. Tra poche settimane, Capi di Stato e di governo, rappresentanti politici ed esperti si [&hellip;]","protected":false},"author":1,"featured_media":0,"comment_status":"","ping_status":"","sticky":false,"template":"","format":"standard","meta":{"footnotes":""},"tags":[],"class_list":["post-3538","post","type-post","status-publish","format-standard","hentry"],"_links":{"self":[{"href":"https:\/\/ambsofia.esteri.it\/it\/wp-json\/wp\/v2\/posts\/3538","targetHints":{"allow":["GET"]}}],"collection":[{"href":"https:\/\/ambsofia.esteri.it\/it\/wp-json\/wp\/v2\/posts"}],"about":[{"href":"https:\/\/ambsofia.esteri.it\/it\/wp-json\/wp\/v2\/types\/post"}],"author":[{"embeddable":true,"href":"https:\/\/ambsofia.esteri.it\/it\/wp-json\/wp\/v2\/users\/1"}],"replies":[{"embeddable":true,"href":"https:\/\/ambsofia.esteri.it\/it\/wp-json\/wp\/v2\/comments?post=3538"}],"version-history":[{"count":0,"href":"https:\/\/ambsofia.esteri.it\/it\/wp-json\/wp\/v2\/posts\/3538\/revisions"}],"wp:attachment":[{"href":"https:\/\/ambsofia.esteri.it\/it\/wp-json\/wp\/v2\/media?parent=3538"}],"wp:term":[{"taxonomy":"post_tag","embeddable":true,"href":"https:\/\/ambsofia.esteri.it\/it\/wp-json\/wp\/v2\/tags?post=3538"}],"curies":[{"name":"wp","href":"https:\/\/api.w.org\/{rel}","templated":true}]}}