{"id":3529,"date":"2021-09-29T09:53:24","date_gmt":"2021-09-29T06:53:24","guid":{"rendered":"https:\/\/ambsofia.esteri.it\/news\/dall_ambasciata\/2021\/09\/forum-dei-giovani-ue-balcani-22\/"},"modified":"2021-09-29T09:53:24","modified_gmt":"2021-09-29T06:53:24","slug":"forum-dei-giovani-ue-balcani-22","status":"publish","type":"post","link":"https:\/\/ambsofia.esteri.it\/it\/news\/dall_ambasciata\/2021\/09\/forum-dei-giovani-ue-balcani-22\/","title":{"rendered":"Forum dei giovani UE &#8211; Balcani, 22-26 novembre, Roma"},"content":{"rendered":"<p style=\"text-align: justify;\">L\u2019Italia ospiter\u00e0 il 22-26 novembre a Roma il Forum dei giovani UE &#8211; Balcani, che riunir\u00e0 78 studenti universitari di tutta l\u2019UE e dei Balcani, con 10 mentori e personalit\u00e0 politiche dall\u2019intera regione.<\/p>\n<p style=\"text-align: justify;\">L\u2019obiettivo del Forum oltre che a contribuire al dibattito sul futuro dell\u2019Europa \u00e8 di creare una rete transnazionale di giovani sostenitori dell\u2019allargamento dell\u2019UE in grado di ingaggiare attivamente le autorit\u00e0 politiche e la societ\u00e0 civile nella promozione dell\u2019integrazione europea. L\u2019auspicio \u00e8 che il forum possa dare anche vita a proposte progettuali future da sviluppare nella regione cos\u00ec da dare continuit\u00e0 ai lavori dell\u2019evento.<\/p>\n<p style=\"text-align: justify;\">A tal proposito vorremmo invitare gli studenti universitari interessati al tema dell\u2019allargamento dell\u2019UE verso i Balcani Occidentali e con desiderio di prendere attiva parte, lavorando con altri giovani in Europa a presentare domanda di applicazione.<\/p>\n<p style=\"text-align: justify;\"><strong>Dove presentare la domanda<\/strong>:\u00a0<a href=\"https:\/\/www.eubalkanforum.org\/?page_id=8881\">https:\/\/www.eubalkanforum.org\/?page_id=8881<\/a>\u00a0<\/p>\n<p style=\"text-align: justify;\"><strong>Termine presentazione domande<\/strong>: 15 ottobre 2021<\/p>\n<p style=\"text-align: justify;\"><strong>Chi potr\u00e0 partecipare al Forum<\/strong>: due partecipanti-studenti universitari da ogni Paese UE.<\/p>\n<p><strong><a href=\"resource\/doc\/2021\/09\/video_promo_eu-balkan_v9_sd.mp4\" target=\"_blank\" rel=\"noopener\">Il video<\/a><\/strong> informativo dell&#8217;evento.<\/p>\n<p>\u00a0<\/p>\n<p>\u00a0<\/p>\n","protected":false},"excerpt":{"rendered":"L\u2019Italia ospiter\u00e0 il 22-26 novembre a Roma il Forum dei giovani UE &#8211; Balcani, che riunir\u00e0 78 studenti universitari di tutta l\u2019UE e dei Balcani, con 10 mentori e personalit\u00e0 politiche dall\u2019intera regione. L\u2019obiettivo del Forum oltre che a contribuire al dibattito sul futuro dell\u2019Europa \u00e8 di creare una rete transnazionale di giovani sostenitori dell\u2019allargamento [&hellip;]","protected":false},"author":1,"featured_media":0,"comment_status":"","ping_status":"","sticky":false,"template":"","format":"standard","meta":{"footnotes":""},"tags":[],"class_list":["post-3529","post","type-post","status-publish","format-standard","hentry"],"_links":{"self":[{"href":"https:\/\/ambsofia.esteri.it\/it\/wp-json\/wp\/v2\/posts\/3529","targetHints":{"allow":["GET"]}}],"collection":[{"href":"https:\/\/ambsofia.esteri.it\/it\/wp-json\/wp\/v2\/posts"}],"about":[{"href":"https:\/\/ambsofia.esteri.it\/it\/wp-json\/wp\/v2\/types\/post"}],"author":[{"embeddable":true,"href":"https:\/\/ambsofia.esteri.it\/it\/wp-json\/wp\/v2\/users\/1"}],"replies":[{"embeddable":true,"href":"https:\/\/ambsofia.esteri.it\/it\/wp-json\/wp\/v2\/comments?post=3529"}],"version-history":[{"count":0,"href":"https:\/\/ambsofia.esteri.it\/it\/wp-json\/wp\/v2\/posts\/3529\/revisions"}],"wp:attachment":[{"href":"https:\/\/ambsofia.esteri.it\/it\/wp-json\/wp\/v2\/media?parent=3529"}],"wp:term":[{"taxonomy":"post_tag","embeddable":true,"href":"https:\/\/ambsofia.esteri.it\/it\/wp-json\/wp\/v2\/tags?post=3529"}],"curies":[{"name":"wp","href":"https:\/\/api.w.org\/{rel}","templated":true}]}}