{"id":3520,"date":"2021-09-29T10:57:31","date_gmt":"2021-09-29T07:57:31","guid":{"rendered":"https:\/\/ambsofia.esteri.it\/news\/dall_ambasciata\/2021\/09\/missione-del-vice-capo-missione\/"},"modified":"2021-09-29T10:57:31","modified_gmt":"2021-09-29T07:57:31","slug":"missione-del-vice-capo-missione","status":"publish","type":"post","link":"https:\/\/ambsofia.esteri.it\/it\/news\/dall_ambasciata\/2021\/09\/missione-del-vice-capo-missione\/","title":{"rendered":"Visita del Vice Capo Missione Francesco Calderoli presso il confine esterno dell\u2019Unione Europea tra Bulgaria e Turchia a Kapitan Andreevo"},"content":{"rendered":"<p style=\"text-align: justify;\">Il Vice Capo Missione Francesco Calderoli e l\u2019Esperto per la Sicurezza del Ministero dell\u2019Interno presso l\u2019Ambasciata d\u2019Italia a Sofia, Maggiore Giovanni Giusto, hanno preso parte oggi alla missione presso il confine esterno dell\u2019Unione Europea tra Bulgaria e Turchia a Kapitan Andreevo, organizzata dall\u2019Ambasciata slovena in Bulgaria e dal Ministero dell\u2019Interno bulgaro\u00a0nell&#8217;ambito della Presidenza slovena del Consiglio dell&#8217;UE. Nella visita hanno preso parte gli ambasciatori degli Stati membri dell&#8217;UE e dei rappresentanti del Centro internazionale per lo sviluppo delle politiche migratorie.<\/p>\n<p style=\"text-align: justify;\">Oltre a visitare di persona il confine, la missione ha incontrato il Vice Ministro dell\u2019Interno Ventsislav Katinov responsabile per le politiche migratorie in Bulgaria ed il Commissario Capo Deyan Mollov, Direttore Nazionale della Polizia di Frontiera bulgara, che hanno fornito un aggiornamento sulla situazione migratoria e sulle attivit\u00e0 di cooperazione poste in essere dalla Bulgaria con Grecia e Turchia per il contrasto alla migrazione clandestina e al traffico di esseri umani.<\/p>\n<p style=\"text-align: justify;\">Secondo il Ministero dell&#8217;Interno, il format ha offerto loro l&#8217;opportunit\u00e0 di presentare le attivit\u00e0 che la Bulgaria svolge in quanto responsabile della sicurezza delle frontiere esterne dell&#8217;UE, nonch\u00e9 gli sforzi che Bulgaria sta compiendo per combattere l&#8217;immigrazione clandestina.<\/p>\n<p style=\"text-align: justify;\">Siamo qui per mostrare solidariet\u00e0 e sostegno a ci\u00f2 che la Bulgaria sta facendo per la nostra sicurezza comune, ha affermato L&#8217;Ambasciatore della\u00a0Slovenia in Bulgaria Andrzej Franges. La sicurezza delle frontiere e la lotta all&#8217;immigrazione illegale sono direttamente collegate alla sicurezza europea, ha affermato il viceministro Ventsislav Katinov. Ha precisato che il posto di blocco di frontiera di Kapitan Andreevo \u00e8 il pi\u00f9 trafficato d&#8217;Europa e il secondo posto di blocco di frontiera pi\u00f9 trafficato al mondo. Siamo aperti a presentare l&#8217;organizzazione che abbiamo creato e gli sforzi che stiamo facendo come Paese in prima linea. Secondo lui, la situazione al confine \u00e8 dinamica, ma resta sotto controllo. Ha inoltre ricordato l&#8217;elevata valutazione del lavoro della DG Polizia di frontiera, espressa durante la sua visita in Bulgaria dal direttore esecutivo dell&#8217;Agenzia europea della guardia di frontiera e costiera Fabrice Leggeri.<\/p>\n<p style=\"text-align: justify;\">Durante il dibattito organizzato, il Direttore della Direzione generale per la lotta alla criminalit\u00e0 organizzata, Commissario capo Deyan Mollov, ha fornito informazioni aggiornate sulla situazione migratoria e sulle sfide che la Bulgaria deve affrontare nel contesto dell&#8217;aumento della pressione migratoria osservata negli ultimi mesi. Un&#8217;analisi sul tema \u00e8 stata presentata anche dal capo del programma di gestione e sicurezza delle frontiere presso il Centro internazionale per lo sviluppo delle politiche migratorie Borut Erzhan.<\/p>\n<p style=\"text-align: justify;\">Gli ospiti hanno anche visitato il Centro tripartito per la cooperazione doganale e di polizia e hanno preso confidenza sul posto con l&#8217;interazione quotidiana. Hanno visitato la sezione del &#8220;confine verde&#8221; con l&#8217;adiacente struttura di sbarramento tecnico e ingegneristico.<\/p>\n<p style=\"text-align: justify;\"><strong><a href=\"https:\/\/www.mvr.bg\/press\/%D0%B0%D0%BA%D1%82%D1%83%D0%B0%D0%BB%D0%BD%D0%B0-%D0%B8%D0%BD%D1%84%D0%BE%D1%80%D0%BC%D0%B0%D1%86%D0%B8%D1%8F\/%D0%B0%D0%BA%D1%82%D1%83%D0%B0%D0%BB%D0%BD%D0%B0-%D0%B8%D0%BD%D1%84%D0%BE%D1%80%D0%BC%D0%B0%D1%86%D0%B8%D1%8F\/%D0%BD%D0%BE%D0%B2%D0%B8%D0%BD%D0%B8\/%D0%BF%D1%80%D0%B5%D0%B3%D0%BB%D0%B5%D0%B4\/%D0%BD%D0%BE%D0%B2%D0%B8%D0%BD%D0%B8\/%D0%BF%D0%BE%D1%81%D0%BB%D0%B0%D0%BD%D0%B8%D0%BA-%D1%84%D1%80%D0%B0%D0%BD%D0%B3%D0%B5%D1%88-%D1%82%D1%83%D0%BA-%D1%81%D0%BC%D0%B5-%D0%B7%D0%B0-%D0%B4%D0%B0-%D0%BF%D0%BE%D0%BA%D0%B0%D0%B6%D0%B5%D0%BC-%D1%81%D0%BE%D0%BB%D0%B8%D0%B4%D0%B0%D1%80%D0%BD%D0%BE%D1%81%D1%82-%D0%B8-%D0%BF%D0%BE%D0%B4%D0%BA%D1%80%D0%B5%D0%BF%D0%B0-%D0%BA%D1%8A%D0%BC-%D1%82%D0%BE%D0%B2%D0%B0-%D0%BA%D0%BE%D0%B5%D1%82%D0%BE-%D0%B1%D1%8A%D0%BB%D0%B3%D0%B0%D1%80%D0%B8%D1%8F-%D0%BF%D1%80%D0%B0%D0%B2%D0%B8-%D0%B7%D0%B0-%D0%BD%D0%B0%D1%88%D0%B0%D1%82%D0%B0-%D0%BE%D0%B1%D1%89%D0%B0-%D1%81%D0%B8%D0%B3%D1%83%D1%80%D0%BD%D0%BE%D1%81%D1%82\" target=\"_blank\" rel=\"noopener\">Comunicato<\/a><\/strong>\u00a0del Ministero dell&#8217;Interno bulgaro.<\/p>\n<p style=\"text-align: justify;\">\u00a0<\/p>\n<p style=\"text-align: justify;\">\u00a0<\/p>\n<p>\u00a0<\/p>\n","protected":false},"excerpt":{"rendered":"Il Vice Capo Missione Francesco Calderoli e l\u2019Esperto per la Sicurezza del Ministero dell\u2019Interno presso l\u2019Ambasciata d\u2019Italia a Sofia, Maggiore Giovanni Giusto, hanno preso parte oggi alla missione presso il confine esterno dell\u2019Unione Europea tra Bulgaria e Turchia a Kapitan Andreevo, organizzata dall\u2019Ambasciata slovena in Bulgaria e dal Ministero dell\u2019Interno bulgaro\u00a0nell&#8217;ambito della Presidenza slovena del [&hellip;]","protected":false},"author":1,"featured_media":0,"comment_status":"","ping_status":"","sticky":false,"template":"","format":"standard","meta":{"footnotes":""},"tags":[],"class_list":["post-3520","post","type-post","status-publish","format-standard","hentry"],"_links":{"self":[{"href":"https:\/\/ambsofia.esteri.it\/it\/wp-json\/wp\/v2\/posts\/3520","targetHints":{"allow":["GET"]}}],"collection":[{"href":"https:\/\/ambsofia.esteri.it\/it\/wp-json\/wp\/v2\/posts"}],"about":[{"href":"https:\/\/ambsofia.esteri.it\/it\/wp-json\/wp\/v2\/types\/post"}],"author":[{"embeddable":true,"href":"https:\/\/ambsofia.esteri.it\/it\/wp-json\/wp\/v2\/users\/1"}],"replies":[{"embeddable":true,"href":"https:\/\/ambsofia.esteri.it\/it\/wp-json\/wp\/v2\/comments?post=3520"}],"version-history":[{"count":0,"href":"https:\/\/ambsofia.esteri.it\/it\/wp-json\/wp\/v2\/posts\/3520\/revisions"}],"wp:attachment":[{"href":"https:\/\/ambsofia.esteri.it\/it\/wp-json\/wp\/v2\/media?parent=3520"}],"wp:term":[{"taxonomy":"post_tag","embeddable":true,"href":"https:\/\/ambsofia.esteri.it\/it\/wp-json\/wp\/v2\/tags?post=3520"}],"curies":[{"name":"wp","href":"https:\/\/api.w.org\/{rel}","templated":true}]}}