{"id":13013,"date":"2026-02-24T15:32:42","date_gmt":"2026-02-24T13:32:42","guid":{"rendered":"https:\/\/ambsofia.esteri.it\/?p=13013"},"modified":"2026-02-27T13:22:59","modified_gmt":"2026-02-27T11:22:59","slug":"portale-prenotmi-temporaneamente-indisponibile","status":"publish","type":"post","link":"https:\/\/ambsofia.esteri.it\/it\/news\/dall_ambasciata\/2026\/02\/portale-prenotmi-temporaneamente-indisponibile\/","title":{"rendered":"Portale Prenot@mi temporaneamente non disponibile"},"content":{"rendered":"<p>Si informano i gentili connazionali che il portale Prenot@mi \u00e8 momentaneamente indisponibile per attivit\u00e0 di manutenzione in corso e che torner\u00e0 ad essere disponibile a partire dal 26 febbraio.<\/p>\n<p>&nbsp;<\/p>\n<p>&nbsp;<\/p>\n","protected":false},"excerpt":{"rendered":"Si informano i gentili connazionali che il portale Prenot@mi \u00e8 momentaneamente indisponibile per attivit\u00e0 di manutenzione in corso e che torner\u00e0 ad essere disponibile a partire dal 26 febbraio. &nbsp; &nbsp;","protected":false},"author":6,"featured_media":0,"comment_status":"closed","ping_status":"closed","sticky":false,"template":"","format":"standard","meta":{"footnotes":""},"tags":[12],"class_list":["post-13013","post","type-post","status-publish","format-standard","hentry","tag-italiani-nel-mondo"],"_links":{"self":[{"href":"https:\/\/ambsofia.esteri.it\/it\/wp-json\/wp\/v2\/posts\/13013","targetHints":{"allow":["GET"]}}],"collection":[{"href":"https:\/\/ambsofia.esteri.it\/it\/wp-json\/wp\/v2\/posts"}],"about":[{"href":"https:\/\/ambsofia.esteri.it\/it\/wp-json\/wp\/v2\/types\/post"}],"author":[{"embeddable":true,"href":"https:\/\/ambsofia.esteri.it\/it\/wp-json\/wp\/v2\/users\/6"}],"replies":[{"embeddable":true,"href":"https:\/\/ambsofia.esteri.it\/it\/wp-json\/wp\/v2\/comments?post=13013"}],"version-history":[{"count":4,"href":"https:\/\/ambsofia.esteri.it\/it\/wp-json\/wp\/v2\/posts\/13013\/revisions"}],"predecessor-version":[{"id":13061,"href":"https:\/\/ambsofia.esteri.it\/it\/wp-json\/wp\/v2\/posts\/13013\/revisions\/13061"}],"wp:attachment":[{"href":"https:\/\/ambsofia.esteri.it\/it\/wp-json\/wp\/v2\/media?parent=13013"}],"wp:term":[{"taxonomy":"post_tag","embeddable":true,"href":"https:\/\/ambsofia.esteri.it\/it\/wp-json\/wp\/v2\/tags?post=13013"}],"curies":[{"name":"wp","href":"https:\/\/api.w.org\/{rel}","templated":true}]}}