{"id":11551,"date":"2025-09-01T11:24:27","date_gmt":"2025-09-01T08:24:27","guid":{"rendered":"https:\/\/ambsofia.esteri.it\/?p=11551"},"modified":"2025-11-04T14:38:21","modified_gmt":"2025-11-04T12:38:21","slug":"concerto-a-sofia-del-tenore-vittorio-grigolo-e-della-soprano-sonya-yoncheva-evento-in-onore-del-duo-artistico-italo-bulgaro-presso-la-residenza-italiana","status":"publish","type":"post","link":"https:\/\/ambsofia.esteri.it\/it\/news\/dall_ambasciata\/2025\/09\/concerto-a-sofia-del-tenore-vittorio-grigolo-e-della-soprano-sonya-yoncheva-evento-in-onore-del-duo-artistico-italo-bulgaro-presso-la-residenza-italiana\/","title":{"rendered":"Concerto a Sofia del tenore Vittorio Grigolo e della soprano Sonya Yoncheva. Evento in onore del duo artistico italo-bulgaro presso la Residenza italiana"},"content":{"rendered":"<p>Grazie alla collaborazione tra l\u2019Ambasciata d\u2019Italia in Bulgaria, l\u2019Istituto Italiano di Cultura di Sofia e la Societ\u00e0 di produzione SY 11 Events, il celebre tenore Vittorio Grigolo si \u00e8 esibito il 28 agosto nell\u2019ambito del \u201cGala a Sofia\u201d 2025 che \u00e8 stato realizzato con il sostegno del Comune di Sofia. L&#8217;accompagnamento musicale \u00e8 stato affidato all\u2019Orchestra Filarmonica di Sofia sotto la direzione del maestro Nayden Todorov. Si \u00e8 trattato della prima esibizione di Grigolo davanti al pubblico bulgaro, che ha risposto accogliendo calorosamente il tenore italiano con una grande cornice di pubblico.<\/p>\n<p>Dopo essersi esibiti presso l\u2019Area di Verona, la Metropolitan Opera di New York e la Bunka Kaikan di Tokyo, il tenore italiano Vittorio Grigolo e la soprano bulgara Sonya Yoncheva hanno confermato la propria speciale intesa artistica sul suggestivo palcoscenico allestito nella centralissima piazza \u201cAleksandr Nevskij\u201d di Sofia, esibendosi in duetti d\u2019amore, arie d\u2019opera (Verdi, Puccini) e altri brani di musica leggera amati da diverse generazioni (con opere di Nino Rota, Massimo Ranieri e Lucio Dalla).<\/p>\n<p>Vittorio Grigolo \u00e8 uno dei tenori pi\u00f9 importanti della scena operistica, con una carriera costellata di incontri artistici indimenticabili: a soli 13 anni interpreta il ruolo del pastorello nella \u201cTosca\u201d all&#8217;Opera di Roma insieme al grande Luciano Pavarotti, divenuto suo mentore, e a 23 anni \u00e8 il tenore pi\u00f9 giovane ad aprire la stagione alla Scala di Milano sotto la direzione del maestro Riccardo Muti. Nel 2010 debutta all&#8217;estero ne \u201cLa Boh\u00e8me\u201d e diventa la nuova stella del Metropolitan Opera. Ha tenuto numerosi recital e concerti, tra cui un concerto a Parigi sotto la Torre Eiffel davanti a 800.000 persone insieme a Sonya Yoncheva. Partecipa a progetti non convenzionali per attirare il pubblico giovane: interpreta il ruolo di Alfredo Germont ne \u201cLa Traviata\u201d presso la Stazione centrale di Zurigo e quello di Nemorino ne \u201cL&#8217;elisir d&#8217;amore\u201d presso l&#8217;Aeroporto di Milano. A settembre 2025 Grigolo canter\u00e0 all\u2019Arena di Verona insieme ad altri grandi tenori come Pl\u00e1cido Domingo e Jos\u00e9 Carreras per commemorare il 90\u00b0 anniversario della nascita di Luciano Pavarotti.<\/p>\n<p>Sonya Yoncheva \u00e8 originaria della citt\u00e0 di Plovdiv. Ha iniziato a cantare all&#8217;et\u00e0 di 6 anni e si \u00e8 diplomata in pianoforte e canto nella sua citt\u00e0 natale. Successivamente ha conseguito un master in canto classico al Conservatorio di Ginevra, dove ha studiato con Danielle Borst, mentre William Christie ha scoperto il suo talento per la musica barocca. Da studentessa \u00e8 stata membro del coro dell&#8217;Opera di Ginevra. Nel 2010 ha vinto il primo premio e il premio CultureArte al concorso \u201cOperalia\u201d. Il suo talento ha conquistato i pi\u00f9 grandi palcoscenici operistici: il Metropolitan, la Scala di Milano, Covent Garden, l&#8217;Arena di Verona e altri. Tra i suoi ruoli pi\u00f9 significativi figurano Poppea, Violetta, Mim\u00ec, Desdemona, Manon Lescaut, Tosca, Medea, Norma. Il suo repertorio comprende Mozart, Verdi, Puccini, Bellini, \u010cajkovskij. Riconosciuta come una delle voci pi\u00f9 emozionanti della sua generazione, ha una forte presenza scenica.<\/p>\n<p>Prima del concerto, il tenore Grigolo e la soprano Yoncheva sono stati ospiti d\u2019onore di un esclusivo ricevimento organizzato dall\u2019Ambasciatore d\u2019Italia a Sofia, S.E. Marcello Apicella, nella \u00a0splendida cornice della storica Residenza dell\u2019Ambasciatore d\u2019Italia a Sofia.<\/p>\n<p>Segue il programma completo del concerto eseguito il 28 agosto a Sofia:<\/p>\n<ul>\n<li>\u201cLa forza del destino\u201d: Ouverture di Giuseppe Verdi;<\/li>\n<li>Aria per soprano (Yoncheva) \u201cPace, pace, mio Dio\u201d dalla stessa opera;<\/li>\n<li>Aria per tenore (Grigolo) \u201cLa donna \u00e8 mobile\u201d dall&#8217;opera \u201cRigoletto\u201d di Verdi;<\/li>\n<li>Compilation di duetti per tenore e soprano (Grigolo e Yoncheva) \u201cParigi, o cara\u201d e \u201cBrindisi\u201d dall&#8217;opera \u201cLa Traviata\u201d di Verdi;<\/li>\n<li>Intermezzo per orchestra dall&#8217;opera \u201cManon Lescaut\u201d di Giacomo Puccini;<\/li>\n<li>Aria per tenore (Grigolo) \u201cE lucevan le stelle\u201d dall&#8217;opera \u201cTosca\u201d di Puccini;<\/li>\n<li>Aria per soprano (Yoncheva) \u201cVissi d&#8217;arte\u201d dalla stessa opera;<\/li>\n<li>Duetto per soprano e tenore (Yoncheva e Grigolo) \u201cMario! Mario! Mario!\u201d dalla stessa opera;<\/li>\n<li>Esecuzione per orchestra di \u201cParla pi\u00f9 piano\u201d dal film \u201cIl padrino\u201d su musica di Nino Rota;<\/li>\n<li>Canzone per tenore (Grigolo) \u201cPerdere l&#8217;amore\u201d di Massimo Ranieri;<\/li>\n<li>Canzone per soprano (Yoncheva) \u201cParoles, paroles\u201d di Gianni Ferrio;<\/li>\n<li>Duetto per tenore e soprano (Grigolo e Yoncheva) \u201cNella Fantasia\u201d dal film \u201cMission\u201d su musica di Ennio Morricone;<\/li>\n<li>Canzone per tenore (Grigolo) \u201cCaruso\u201d di Lucio Dalla;<\/li>\n<li>Canzone per soprano (Yoncheva) \u201cYour love\u201d dal film \u201cC&#8217;era una volta il West\u201d su musica di Dulce Pontes e Ennio Morricone;<\/li>\n<li>Duetto per tenore e soprano (Grigolo e Yoncheva) \u201cQuando, quando, quando\u201d di Tony Renis;<\/li>\n<\/ul>\n<p>(bis)<\/p>\n<ul>\n<li>Canzone per tenore (Grigolo) \u201cThe shadow of your smile\u201d, dedicata a Frank Sinatra;<\/li>\n<li>Canzone per soprano (Yoncheva) \u201cLa vie en rose\u201d, dedicata a Edith Piaf;<\/li>\n<li>Duetto per tenore e soprano (Grigolo e Yoncheva) \u201cO sole mio\u201d.<\/li>\n<\/ul>\n<hr \/>\n<p><a href=\"https:\/\/www.facebook.com\/sonyayonchevaofficial\/posts\/pfbid0Si22JKUte596DySCjhkB3GSu9tU8cv9MVxitRevbWVXRoB1wxF1gfuJzqWnS8zpwl\">https:\/\/www.facebook.com\/sonyayonchevaofficial\/posts\/pfbid0Si22JKUte596DySCjhkB3GSu9tU8cv9MVxitRevbWVXRoB1wxF1gfuJzqWnS8zpwl<\/a><\/p>\n<p><a href=\"https:\/\/www.agenzianova.com\/a\/68b2cf7bc52250.84343363\/6473877\/2025-08-30\/bulgaria-italia-evento-in-onore-del-duo-artistico-grigolo-yoncheva-alla-residenza-italiana-a-sofia\">https:\/\/www.agenzianova.com\/a\/68b2cf7bc52250.84343363\/6473877\/2025-08-30\/bulgaria-italia-evento-in-onore-del-duo-artistico-grigolo-yoncheva-alla-residenza-italiana-a-sofia<\/a><\/p>\n","protected":false},"excerpt":{"rendered":"Grazie alla collaborazione tra l\u2019Ambasciata d\u2019Italia in Bulgaria, l\u2019Istituto Italiano di Cultura di Sofia e la Societ\u00e0 di produzione SY 11 Events, il celebre tenore Vittorio Grigolo si \u00e8 esibito il 28 agosto nell\u2019ambito del \u201cGala a Sofia\u201d 2025 che \u00e8 stato realizzato con il sostegno del Comune di Sofia. L&#8217;accompagnamento musicale \u00e8 stato affidato [&hellip;]","protected":false},"author":5,"featured_media":11556,"comment_status":"closed","ping_status":"closed","sticky":false,"template":"","format":"standard","meta":{"footnotes":""},"tags":[],"class_list":["post-11551","post","type-post","status-publish","format-standard","has-post-thumbnail","hentry"],"_links":{"self":[{"href":"https:\/\/ambsofia.esteri.it\/it\/wp-json\/wp\/v2\/posts\/11551","targetHints":{"allow":["GET"]}}],"collection":[{"href":"https:\/\/ambsofia.esteri.it\/it\/wp-json\/wp\/v2\/posts"}],"about":[{"href":"https:\/\/ambsofia.esteri.it\/it\/wp-json\/wp\/v2\/types\/post"}],"author":[{"embeddable":true,"href":"https:\/\/ambsofia.esteri.it\/it\/wp-json\/wp\/v2\/users\/5"}],"replies":[{"embeddable":true,"href":"https:\/\/ambsofia.esteri.it\/it\/wp-json\/wp\/v2\/comments?post=11551"}],"version-history":[{"count":3,"href":"https:\/\/ambsofia.esteri.it\/it\/wp-json\/wp\/v2\/posts\/11551\/revisions"}],"predecessor-version":[{"id":12213,"href":"https:\/\/ambsofia.esteri.it\/it\/wp-json\/wp\/v2\/posts\/11551\/revisions\/12213"}],"wp:featuredmedia":[{"embeddable":true,"href":"https:\/\/ambsofia.esteri.it\/it\/wp-json\/wp\/v2\/media\/11556"}],"wp:attachment":[{"href":"https:\/\/ambsofia.esteri.it\/it\/wp-json\/wp\/v2\/media?parent=11551"}],"wp:term":[{"taxonomy":"post_tag","embeddable":true,"href":"https:\/\/ambsofia.esteri.it\/it\/wp-json\/wp\/v2\/tags?post=11551"}],"curies":[{"name":"wp","href":"https:\/\/api.w.org\/{rel}","templated":true}]}}